{"id":256701,"date":"2026-09-01T11:27:59","date_gmt":"2026-09-01T07:27:59","guid":{"rendered":"https:\/\/ucnoqta.az\/?p=256701"},"modified":"2026-09-01T11:27:59","modified_gmt":"2026-09-01T07:27:59","slug":"set-olk%c9%99l%c9%99ri-iranin-suverenliyin%c9%99-d%c9%99st%c9%99k-ifad%c9%99-edib","status":"publish","type":"post","link":"https:\/\/ucnoqta.az\/?p=256701","title":{"rendered":"\u015e\u018fT \u00f6lk\u0259l\u0259ri \u0130ran\u0131n suverenliyin\u0259 d\u0259st\u0259k ifad\u0259 edib"},"content":{"rendered":"<p data-start=\"61\" data-end=\"275\"><strong>\u015eanxay \u018fm\u0259kda\u015fl\u0131q T\u0259\u015fkilat\u0131na (\u015e\u018fT) \u00fczv \u00f6lk\u0259l\u0259r \u0130ran\u0131n suverenliyi v\u0259 \u0259razi b\u00fct\u00f6vl\u00fcy\u00fcn\u0259 d\u0259st\u0259k ver\u0259r\u0259k, yaranm\u0131\u015f m\u00fcnaqi\u015f\u0259nin yaln\u0131z siyasi v\u0259 diplomatik yollarla h\u0259ll edilm\u0259sinin t\u0259r\u0259fdar\u0131 olduqlar\u0131n\u0131 a\u00e7\u0131qlay\u0131blar.<\/strong><\/p>\n<p data-start=\"277\" data-end=\"360\">Ucnoqta.az x\u0259b\u0259r verir ki, bu bar\u0259d\u0259 t\u0259\u015fkilat\u0131n 25 illiyin\u0259 h\u0259sr olunmu\u015f Bi\u015fkek B\u0259yannam\u0259sind\u0259 bildirilib.<\/p>\n<p data-start=\"362\" data-end=\"469\">S\u0259n\u0259dd\u0259 qeyd olunub ki, \u015e\u018fT \u00f6lk\u0259l\u0259ri regionda g\u0259rginliyin azald\u0131lmas\u0131na y\u00f6n\u0259lmi\u015f b\u00fct\u00fcn s\u0259yl\u0259ri d\u0259st\u0259kl\u0259yir.<\/p>\n<p data-start=\"471\" data-end=\"567\" data-is-last-node=\"\" data-is-only-node=\"\">B\u0259yannam\u0259d\u0259 \u0130ran \u0259traf\u0131nda yaranm\u0131\u015f v\u0259ziyy\u0259tin deeskalasiya yolu il\u0259 h\u0259llin\u0259 \u00e7a\u011f\u0131r\u0131\u015f edilib.<\/p>\n","protected":false},"excerpt":{"rendered":"<p>\u015eanxay \u018fm\u0259kda\u015fl\u0131q T\u0259\u015fkilat\u0131na (\u015e\u018fT) \u00fczv \u00f6lk\u0259l\u0259r \u0130ran\u0131n suverenliyi v\u0259 \u0259razi b\u00fct\u00f6vl\u00fcy\u00fcn\u0259 d\u0259st\u0259k ver\u0259r\u0259k, yaranm\u0131\u015f m\u00fcnaqi\u015f\u0259nin yaln\u0131z siyasi v\u0259 diplomatik yollarla h\u0259ll edilm\u0259sinin t\u0259r\u0259fdar\u0131 olduqlar\u0131n\u0131 a\u00e7\u0131qlay\u0131blar. Ucnoqta.az x\u0259b\u0259r verir ki, bu&hellip;<\/p>\n","protected":false},"author":2,"featured_media":256702,"comment_status":"closed","ping_status":"closed","sticky":false,"template":"","format":"standard","meta":{"_lmt_disableupdate":"","_lmt_disable":"","footnotes":""},"categories":[89],"tags":[],"class_list":["post-256701","post","type-post","status-publish","format-standard","has-post-thumbnail","hentry","category-dunya-butun-xeberler"],"_links":{"self":[{"href":"https:\/\/ucnoqta.az\/index.php?rest_route=\/wp\/v2\/posts\/256701","targetHints":{"allow":["GET"]}}],"collection":[{"href":"https:\/\/ucnoqta.az\/index.php?rest_route=\/wp\/v2\/posts"}],"about":[{"href":"https:\/\/ucnoqta.az\/index.php?rest_route=\/wp\/v2\/types\/post"}],"author":[{"embeddable":true,"href":"https:\/\/ucnoqta.az\/index.php?rest_route=\/wp\/v2\/users\/2"}],"replies":[{"embeddable":true,"href":"https:\/\/ucnoqta.az\/index.php?rest_route=%2Fwp%2Fv2%2Fcomments&post=256701"}],"version-history":[{"count":0,"href":"https:\/\/ucnoqta.az\/index.php?rest_route=\/wp\/v2\/posts\/256701\/revisions"}],"wp:featuredmedia":[{"embeddable":true,"href":"https:\/\/ucnoqta.az\/index.php?rest_route=\/wp\/v2\/media\/256702"}],"wp:attachment":[{"href":"https:\/\/ucnoqta.az\/index.php?rest_route=%2Fwp%2Fv2%2Fmedia&parent=256701"}],"wp:term":[{"taxonomy":"category","embeddable":true,"href":"https:\/\/ucnoqta.az\/index.php?rest_route=%2Fwp%2Fv2%2Fcategories&post=256701"},{"taxonomy":"post_tag","embeddable":true,"href":"https:\/\/ucnoqta.az\/index.php?rest_route=%2Fwp%2Fv2%2Ftags&post=256701"}],"curies":[{"name":"wp","href":"https:\/\/api.w.org\/{rel}","templated":true}]}}