{"id":256698,"date":"2026-09-01T11:24:32","date_gmt":"2026-09-01T07:24:32","guid":{"rendered":"https:\/\/ucnoqta.az\/?p=256698"},"modified":"2026-09-01T11:24:32","modified_gmt":"2026-09-01T07:24:32","slug":"ceyhun-bayramov-iranli-h%c9%99mkari-il%c9%99-gorusdu","status":"publish","type":"post","link":"https:\/\/ucnoqta.az\/?p=256698","title":{"rendered":"Ceyhun Bayramov iranl\u0131 h\u0259mkar\u0131 il\u0259 g\u00f6r\u00fc\u015fd\u00fc"},"content":{"rendered":"<p><strong>Az\u0259rbaycan xarici i\u015fl\u0259r naziri Ceyhun Bayramov Bi\u015fkekd\u0259 iranl\u0131 h\u0259mkar\u0131 Seyid Abbas \u018fraq\u00e7i il\u0259 g\u00f6r\u00fc\u015f\u00fcb.<\/strong><\/p>\n<p>Ucnoqta.az x\u0259b\u0259r verir ki, bu bar\u0259d\u0259 m\u0259lumat Az\u0259rbaycan Xarici \u0130\u015fl\u0259r Nazirliyinin (X\u0130N) \u201cX\u201d hesab\u0131nda payla\u015f\u0131l\u0131b.<\/p>\n<p>Bildirilib ki, nazirl\u0259r Az\u0259rbaycan-\u0130ran ikit\u0259r\u0259fli m\u00fcnasib\u0259tl\u0259rinin cari v\u0259ziyy\u0259ti v\u0259 inki\u015faf perspektivl\u0259rini, qar\u015f\u0131l\u0131ql\u0131 maraq do\u011furan sah\u0259l\u0259rd\u0259 \u0259m\u0259kda\u015fl\u0131\u011f\u0131n geni\u015fl\u0259ndirilm\u0259sini m\u00fczakir\u0259 edibl\u0259r. H\u0259m\u00e7inin regional m\u0259s\u0259l\u0259l\u0259r \u0259traf\u0131nda fikir m\u00fcbadil\u0259si apar\u0131l\u0131b.<\/p>\n<p>Nazirl\u0259r m\u00fcnt\u0259z\u0259m y\u00fcks\u0259ks\u0259viyy\u0259li dialoqun davam etdirilm\u0259sinin v\u0259 iki \u00f6lk\u0259 aras\u0131nda qar\u015f\u0131l\u0131ql\u0131 faydal\u0131 layih\u0259l\u0259rin ir\u0259lil\u0259dilm\u0259sinin vacibliyini vur\u011fulay\u0131blar.<\/p>\n","protected":false},"excerpt":{"rendered":"<p>Az\u0259rbaycan xarici i\u015fl\u0259r naziri Ceyhun Bayramov Bi\u015fkekd\u0259 iranl\u0131 h\u0259mkar\u0131 Seyid Abbas \u018fraq\u00e7i il\u0259 g\u00f6r\u00fc\u015f\u00fcb. Ucnoqta.az x\u0259b\u0259r verir ki, bu bar\u0259d\u0259 m\u0259lumat Az\u0259rbaycan Xarici \u0130\u015fl\u0259r Nazirliyinin (X\u0130N) \u201cX\u201d hesab\u0131nda payla\u015f\u0131l\u0131b. Bildirilib&hellip;<\/p>\n","protected":false},"author":2,"featured_media":256699,"comment_status":"closed","ping_status":"closed","sticky":false,"template":"","format":"standard","meta":{"_lmt_disableupdate":"","_lmt_disable":"","footnotes":""},"categories":[86],"tags":[],"class_list":["post-256698","post","type-post","status-publish","format-standard","has-post-thumbnail","hentry","category-siyaset"],"_links":{"self":[{"href":"https:\/\/ucnoqta.az\/index.php?rest_route=\/wp\/v2\/posts\/256698","targetHints":{"allow":["GET"]}}],"collection":[{"href":"https:\/\/ucnoqta.az\/index.php?rest_route=\/wp\/v2\/posts"}],"about":[{"href":"https:\/\/ucnoqta.az\/index.php?rest_route=\/wp\/v2\/types\/post"}],"author":[{"embeddable":true,"href":"https:\/\/ucnoqta.az\/index.php?rest_route=\/wp\/v2\/users\/2"}],"replies":[{"embeddable":true,"href":"https:\/\/ucnoqta.az\/index.php?rest_route=%2Fwp%2Fv2%2Fcomments&post=256698"}],"version-history":[{"count":0,"href":"https:\/\/ucnoqta.az\/index.php?rest_route=\/wp\/v2\/posts\/256698\/revisions"}],"wp:featuredmedia":[{"embeddable":true,"href":"https:\/\/ucnoqta.az\/index.php?rest_route=\/wp\/v2\/media\/256699"}],"wp:attachment":[{"href":"https:\/\/ucnoqta.az\/index.php?rest_route=%2Fwp%2Fv2%2Fmedia&parent=256698"}],"wp:term":[{"taxonomy":"category","embeddable":true,"href":"https:\/\/ucnoqta.az\/index.php?rest_route=%2Fwp%2Fv2%2Fcategories&post=256698"},{"taxonomy":"post_tag","embeddable":true,"href":"https:\/\/ucnoqta.az\/index.php?rest_route=%2Fwp%2Fv2%2Ftags&post=256698"}],"curies":[{"name":"wp","href":"https:\/\/api.w.org\/{rel}","templated":true}]}}