{"id":256682,"date":"2026-09-01T10:25:41","date_gmt":"2026-09-01T06:25:41","guid":{"rendered":"https:\/\/ucnoqta.az\/?p=256682"},"modified":"2026-09-01T10:25:41","modified_gmt":"2026-09-01T06:25:41","slug":"b%c9%99zi-yerl%c9%99rd%c9%99-leysan-olacaq-xeberdarliq","status":"publish","type":"post","link":"https:\/\/ucnoqta.az\/?p=256682","title":{"rendered":"B\u0259zi yerl\u0259rd\u0259 leysan olacaq &#8211; X\u018fB\u018fRDARLIQ"},"content":{"rendered":"<p><strong>Sentyabr\u0131n 1-i g\u00fcnd\u00fczd\u0259n 2-si ax\u015famad\u0259k b\u0259zi da\u011fl\u0131q v\u0259 da\u011f\u0259t\u0259yi rayonlarda fasil\u0259l\u0259rl\u0259 ya\u011f\u0131\u015f ya\u011faca\u011f\u0131 g\u00f6zl\u0259nilir.<\/strong><\/p>\n<p>Bu bar\u0259d\u0259 Ucnoqta.az-a Milli Hidrometeorologiya Xidm\u0259tind\u0259n m\u0259lumat verilib.<\/p>\n<p>Ayr\u0131-ayr\u0131 yerl\u0259rd\u0259 q\u0131sam\u00fcdd\u0259tli leysan xarakterli olaca\u011f\u0131, \u015fim\u015f\u0259k \u00e7axaca\u011f\u0131, dolu d\u00fc\u015f\u0259c\u0259yi ehtimal\u0131 var.<\/p>\n<p>G\u00f6zl\u0259nil\u0259n ya\u011f\u0131nt\u0131l\u0131 hava \u015f\u0259raiti il\u0259 \u0259laq\u0259dar \u00e7aylarda sululu\u011fun artaca\u011f\u0131, b\u0259zi da\u011f \u00e7aylar\u0131ndan q\u0131sam\u00fcdd\u0259tli sel ke\u00e7\u0259c\u0259yi istisna olunmur.<\/p>\n","protected":false},"excerpt":{"rendered":"<p>Sentyabr\u0131n 1-i g\u00fcnd\u00fczd\u0259n 2-si ax\u015famad\u0259k b\u0259zi da\u011fl\u0131q v\u0259 da\u011f\u0259t\u0259yi rayonlarda fasil\u0259l\u0259rl\u0259 ya\u011f\u0131\u015f ya\u011faca\u011f\u0131 g\u00f6zl\u0259nilir. Bu bar\u0259d\u0259 Ucnoqta.az-a Milli Hidrometeorologiya Xidm\u0259tind\u0259n m\u0259lumat verilib. Ayr\u0131-ayr\u0131 yerl\u0259rd\u0259 q\u0131sam\u00fcdd\u0259tli leysan xarakterli olaca\u011f\u0131, \u015fim\u015f\u0259k \u00e7axaca\u011f\u0131,&hellip;<\/p>\n","protected":false},"author":2,"featured_media":255238,"comment_status":"closed","ping_status":"closed","sticky":false,"template":"","format":"standard","meta":{"_lmt_disableupdate":"","_lmt_disable":"","footnotes":""},"categories":[34],"tags":[],"class_list":["post-256682","post","type-post","status-publish","format-standard","has-post-thumbnail","hentry","category-butun-xeberler"],"_links":{"self":[{"href":"https:\/\/ucnoqta.az\/index.php?rest_route=\/wp\/v2\/posts\/256682","targetHints":{"allow":["GET"]}}],"collection":[{"href":"https:\/\/ucnoqta.az\/index.php?rest_route=\/wp\/v2\/posts"}],"about":[{"href":"https:\/\/ucnoqta.az\/index.php?rest_route=\/wp\/v2\/types\/post"}],"author":[{"embeddable":true,"href":"https:\/\/ucnoqta.az\/index.php?rest_route=\/wp\/v2\/users\/2"}],"replies":[{"embeddable":true,"href":"https:\/\/ucnoqta.az\/index.php?rest_route=%2Fwp%2Fv2%2Fcomments&post=256682"}],"version-history":[{"count":0,"href":"https:\/\/ucnoqta.az\/index.php?rest_route=\/wp\/v2\/posts\/256682\/revisions"}],"wp:featuredmedia":[{"embeddable":true,"href":"https:\/\/ucnoqta.az\/index.php?rest_route=\/wp\/v2\/media\/255238"}],"wp:attachment":[{"href":"https:\/\/ucnoqta.az\/index.php?rest_route=%2Fwp%2Fv2%2Fmedia&parent=256682"}],"wp:term":[{"taxonomy":"category","embeddable":true,"href":"https:\/\/ucnoqta.az\/index.php?rest_route=%2Fwp%2Fv2%2Fcategories&post=256682"},{"taxonomy":"post_tag","embeddable":true,"href":"https:\/\/ucnoqta.az\/index.php?rest_route=%2Fwp%2Fv2%2Ftags&post=256682"}],"curies":[{"name":"wp","href":"https:\/\/api.w.org\/{rel}","templated":true}]}}