{"id":256669,"date":"2026-09-01T09:33:39","date_gmt":"2026-09-01T05:33:39","guid":{"rendered":"https:\/\/ucnoqta.az\/?p=256669"},"modified":"2026-09-01T10:02:52","modified_gmt":"2026-09-01T06:02:52","slug":"hikm%c9%99t-haciyev-alen-simonyanla-gorusub","status":"publish","type":"post","link":"https:\/\/ucnoqta.az\/?p=256669","title":{"rendered":"Hikm\u0259t Hac\u0131yev Alen Simonyanla g\u00f6r\u00fc\u015f\u00fcb"},"content":{"rendered":"<p><strong>Az\u0259rbaycan Prezidentinin k\u00f6m\u0259k\u00e7isi, Prezident Administrasiyas\u0131n\u0131n Xarici siyas\u0259t m\u0259s\u0259l\u0259l\u0259ri \u015f\u00f6b\u0259sinin m\u00fcdiri Hikm\u0259t Hac\u0131yev v\u0259 Erm\u0259nistan T\u0259hl\u00fck\u0259sizlik \u015euras\u0131n\u0131n katibi Alen Simonyan aras\u0131nda g\u00f6r\u00fc\u015f ke\u00e7irilib.<\/strong><\/p>\n<p>Ucnoqta.az x\u0259b\u0259r verir ki, bu bar\u0259d\u0259 Hikm\u0259t Hac\u0131yev &#8220;X&#8221; hesab\u0131nda payla\u015f\u0131m edib.<\/p>\n<p>&#8220;Prezident \u0130lham \u018fliyevl\u0259 Ba\u015f nazir Nikol Pa\u015finyan\u0131n Bi\u015fkekd\u0259 ke\u00e7iril\u0259n g\u00f6r\u00fc\u015f\u00fcnd\u0259n sonra s\u00fclh g\u00fcnd\u0259liyi \u00fczr\u0259 m\u00fczakir\u0259l\u0259r Alen Simonyanla davam etdirilib&#8221;, &#8211; dey\u0259 payla\u015f\u0131mda bildirilib.<\/p>\n<p>Xat\u0131rladaq ki, Az\u0259rbaycan Respublikas\u0131n\u0131n Prezidenti \u0130lham \u018fliyev Bi\u015fkekd\u0259 \u015eanxay \u018fm\u0259kda\u015fl\u0131q T\u0259\u015fkilat\u0131n\u0131n (\u015e\u018fT) Zirv\u0259 toplant\u0131s\u0131 \u00e7\u0259r\u00e7iv\u0259sind\u0259 avqustun 31-d\u0259 Erm\u0259nistan Respublikas\u0131n\u0131n Ba\u015f naziri Nikol Pa\u015finyanla g\u00f6r\u00fc\u015f ke\u00e7irib.<br \/>\n<iframe title=\"Iframe\" src=\"https:\/\/iframely.net\/api\/iframe?url=https%3A%2F%2Fx.com%2FHikmetHajiyev%2Fstatus%2F2094652179802194386%3Fs%3D46&amp;key=af3b9d9d0cd8d55d19a198c246725eba&amp;v=1&amp;app=1\" allowfullscreen=\"allowfullscreen\"><\/iframe><\/p>\n","protected":false},"excerpt":{"rendered":"<p>Az\u0259rbaycan Prezidentinin k\u00f6m\u0259k\u00e7isi, Prezident Administrasiyas\u0131n\u0131n Xarici siyas\u0259t m\u0259s\u0259l\u0259l\u0259ri \u015f\u00f6b\u0259sinin m\u00fcdiri Hikm\u0259t Hac\u0131yev v\u0259 Erm\u0259nistan T\u0259hl\u00fck\u0259sizlik \u015euras\u0131n\u0131n katibi Alen Simonyan aras\u0131nda g\u00f6r\u00fc\u015f ke\u00e7irilib. Ucnoqta.az x\u0259b\u0259r verir ki, bu bar\u0259d\u0259 Hikm\u0259t Hac\u0131yev&hellip;<\/p>\n","protected":false},"author":2,"featured_media":256670,"comment_status":"closed","ping_status":"closed","sticky":false,"template":"","format":"standard","meta":{"_lmt_disableupdate":"no","_lmt_disable":"","footnotes":""},"categories":[86],"tags":[],"class_list":["post-256669","post","type-post","status-publish","format-standard","has-post-thumbnail","hentry","category-siyaset"],"_links":{"self":[{"href":"https:\/\/ucnoqta.az\/index.php?rest_route=\/wp\/v2\/posts\/256669","targetHints":{"allow":["GET"]}}],"collection":[{"href":"https:\/\/ucnoqta.az\/index.php?rest_route=\/wp\/v2\/posts"}],"about":[{"href":"https:\/\/ucnoqta.az\/index.php?rest_route=\/wp\/v2\/types\/post"}],"author":[{"embeddable":true,"href":"https:\/\/ucnoqta.az\/index.php?rest_route=\/wp\/v2\/users\/2"}],"replies":[{"embeddable":true,"href":"https:\/\/ucnoqta.az\/index.php?rest_route=%2Fwp%2Fv2%2Fcomments&post=256669"}],"version-history":[{"count":0,"href":"https:\/\/ucnoqta.az\/index.php?rest_route=\/wp\/v2\/posts\/256669\/revisions"}],"wp:featuredmedia":[{"embeddable":true,"href":"https:\/\/ucnoqta.az\/index.php?rest_route=\/wp\/v2\/media\/256670"}],"wp:attachment":[{"href":"https:\/\/ucnoqta.az\/index.php?rest_route=%2Fwp%2Fv2%2Fmedia&parent=256669"}],"wp:term":[{"taxonomy":"category","embeddable":true,"href":"https:\/\/ucnoqta.az\/index.php?rest_route=%2Fwp%2Fv2%2Fcategories&post=256669"},{"taxonomy":"post_tag","embeddable":true,"href":"https:\/\/ucnoqta.az\/index.php?rest_route=%2Fwp%2Fv2%2Ftags&post=256669"}],"curies":[{"name":"wp","href":"https:\/\/api.w.org\/{rel}","templated":true}]}}