{"id":256667,"date":"2026-09-01T09:10:18","date_gmt":"2026-09-01T05:10:18","guid":{"rendered":"https:\/\/ucnoqta.az\/?p=256667"},"modified":"2026-09-01T09:10:18","modified_gmt":"2026-09-01T05:10:18","slug":"kolumbiyada-silahlilarin-dus%c9%99rg%c9%99si-vuruldu","status":"publish","type":"post","link":"https:\/\/ucnoqta.az\/?p=256667","title":{"rendered":"Kolumbiyada silahl\u0131lar\u0131n d\u00fc\u015f\u0259rg\u0259si vuruldu"},"content":{"rendered":"<p>Kolumbiya silahl\u0131 q\u00fcvv\u0259l\u0259ri da\u011f\u0131lm\u0131\u015f \u00fcsyan\u00e7\u0131 t\u0259\u015fkilat olan Kolumbiya \u0130nqilab\u00e7\u0131 Silahl\u0131 Q\u00fcvv\u0259l\u0259rinin (FARC) ke\u00e7mi\u015f \u00fczvl\u0259ri t\u0259r\u0259find\u0259n yarad\u0131lan silahl\u0131 qrupa m\u0259xsus d\u00fc\u015f\u0259rg\u0259y\u0259 hava h\u00fccumu h\u0259yata ke\u00e7irib.<\/p>\n<p>Ucnoqta.az x\u0259b\u0259r verir ki, prezident Abelardo de la Espriella X sosial \u015f\u0259b\u0259k\u0259sind\u0259 20 yaraql\u0131n\u0131n \u00f6ld\u00fcr\u00fcld\u00fcy\u00fcn\u00fc a\u00e7\u0131qlay\u0131b.<\/p>\n<p>&#8220;Quaviare departamentind\u0259 silahl\u0131 q\u00fcvv\u0259l\u0259rimiz narkoterror\u00e7u \u0130van Mordisko qrupuna m\u0259xsus d\u00fc\u015f\u0259rg\u0259y\u0259 hava h\u00fccumu h\u0259yata ke\u00e7irib. Biz 20 yaraql\u0131n\u0131 \u00f6ld\u00fcrd\u00fck, daha be\u015fini \u0259sir g\u00f6t\u00fcrd\u00fck v\u0259 d\u00fc\u015f\u0259rg\u0259d\u0259 olan iki azya\u015fl\u0131n\u0131 xilas etdik&#8221;, &#8211; dey\u0259 o, videom\u00fcraci\u0259tind\u0259 bildirib.<\/p>\n","protected":false},"excerpt":{"rendered":"<p>Kolumbiya silahl\u0131 q\u00fcvv\u0259l\u0259ri da\u011f\u0131lm\u0131\u015f \u00fcsyan\u00e7\u0131 t\u0259\u015fkilat olan Kolumbiya \u0130nqilab\u00e7\u0131 Silahl\u0131 Q\u00fcvv\u0259l\u0259rinin (FARC) ke\u00e7mi\u015f \u00fczvl\u0259ri t\u0259r\u0259find\u0259n yarad\u0131lan silahl\u0131 qrupa m\u0259xsus d\u00fc\u015f\u0259rg\u0259y\u0259 hava h\u00fccumu h\u0259yata ke\u00e7irib. Ucnoqta.az x\u0259b\u0259r verir ki, prezident Abelardo&hellip;<\/p>\n","protected":false},"author":2,"featured_media":251961,"comment_status":"closed","ping_status":"closed","sticky":false,"template":"","format":"standard","meta":{"_lmt_disableupdate":"","_lmt_disable":"","footnotes":""},"categories":[89],"tags":[],"class_list":["post-256667","post","type-post","status-publish","format-standard","has-post-thumbnail","hentry","category-dunya-butun-xeberler"],"_links":{"self":[{"href":"https:\/\/ucnoqta.az\/index.php?rest_route=\/wp\/v2\/posts\/256667","targetHints":{"allow":["GET"]}}],"collection":[{"href":"https:\/\/ucnoqta.az\/index.php?rest_route=\/wp\/v2\/posts"}],"about":[{"href":"https:\/\/ucnoqta.az\/index.php?rest_route=\/wp\/v2\/types\/post"}],"author":[{"embeddable":true,"href":"https:\/\/ucnoqta.az\/index.php?rest_route=\/wp\/v2\/users\/2"}],"replies":[{"embeddable":true,"href":"https:\/\/ucnoqta.az\/index.php?rest_route=%2Fwp%2Fv2%2Fcomments&post=256667"}],"version-history":[{"count":0,"href":"https:\/\/ucnoqta.az\/index.php?rest_route=\/wp\/v2\/posts\/256667\/revisions"}],"wp:featuredmedia":[{"embeddable":true,"href":"https:\/\/ucnoqta.az\/index.php?rest_route=\/wp\/v2\/media\/251961"}],"wp:attachment":[{"href":"https:\/\/ucnoqta.az\/index.php?rest_route=%2Fwp%2Fv2%2Fmedia&parent=256667"}],"wp:term":[{"taxonomy":"category","embeddable":true,"href":"https:\/\/ucnoqta.az\/index.php?rest_route=%2Fwp%2Fv2%2Fcategories&post=256667"},{"taxonomy":"post_tag","embeddable":true,"href":"https:\/\/ucnoqta.az\/index.php?rest_route=%2Fwp%2Fv2%2Ftags&post=256667"}],"curies":[{"name":"wp","href":"https:\/\/api.w.org\/{rel}","templated":true}]}}