{"id":256661,"date":"2026-09-01T08:20:22","date_gmt":"2026-09-01T04:20:22","guid":{"rendered":"https:\/\/ucnoqta.az\/?p=256661"},"modified":"2026-09-01T08:20:22","modified_gmt":"2026-09-01T04:20:22","slug":"estoniya-pua-lara-gor%c9%99-nato-qiricilarini-qaldirdi","status":"publish","type":"post","link":"https:\/\/ucnoqta.az\/?p=256661","title":{"rendered":"Estoniya PUA-lara g\u00f6r\u0259 NATO q\u0131r\u0131c\u0131lar\u0131n\u0131 qald\u0131rd\u0131"},"content":{"rendered":"<p class=\"isSelectedEnd\"><strong>Estoniya hava m\u0259kan\u0131na pilotsuz u\u00e7u\u015f aparatlar\u0131n\u0131n (PUA) daxil oldu\u011fu iddias\u0131ndan sonra NATO q\u0131r\u0131c\u0131lar\u0131n\u0131 havaya qald\u0131r\u0131b.<\/strong><\/p>\n<p class=\"isSelectedEnd\">Ucnoqta.az bildirir ki, bu bar\u0259d\u0259 Estoniyan\u0131n xarici i\u015fl\u0259r naziri Marqus Tsaxkna \u201cX\u201d sosial \u015f\u0259b\u0259k\u0259sind\u0259 yaz\u0131b.<\/p>\n<p class=\"isSelectedEnd\">\u201cGec\u0259 saatlar\u0131nda Estoniyan\u0131n b\u0259zi \u0259razil\u0259rind\u0259 hava h\u0259y\u0259can\u0131 elan edildi. Buna pilotsuz u\u00e7u\u015f aparatlar\u0131n\u0131n s\u0259rh\u0259dimiz\u0259 yax\u0131nla\u015fmas\u0131 v\u0259 Estoniya hava m\u0259kan\u0131na daxil olmas\u0131 s\u0259b\u0259b olub. Buna cavab olaraq \u018fmari aviabazas\u0131ndan NATO q\u0131r\u0131c\u0131lar\u0131 havaya qald\u0131r\u0131l\u0131b\u201d, \u2013 dey\u0259 o, bildirib.<\/p>\n<p>Nazir \u0259lav\u0259 edib ki, \u00f6lk\u0259d\u0259 hava h\u0259y\u0259can\u0131 art\u0131q l\u0259\u011fv olunub.<\/p>\n","protected":false},"excerpt":{"rendered":"<p>Estoniya hava m\u0259kan\u0131na pilotsuz u\u00e7u\u015f aparatlar\u0131n\u0131n (PUA) daxil oldu\u011fu iddias\u0131ndan sonra NATO q\u0131r\u0131c\u0131lar\u0131n\u0131 havaya qald\u0131r\u0131b. Ucnoqta.az bildirir ki, bu bar\u0259d\u0259 Estoniyan\u0131n xarici i\u015fl\u0259r naziri Marqus Tsaxkna \u201cX\u201d sosial \u015f\u0259b\u0259k\u0259sind\u0259 yaz\u0131b.&hellip;<\/p>\n","protected":false},"author":2,"featured_media":256662,"comment_status":"closed","ping_status":"closed","sticky":false,"template":"","format":"standard","meta":{"_lmt_disableupdate":"","_lmt_disable":"","footnotes":""},"categories":[89],"tags":[],"class_list":["post-256661","post","type-post","status-publish","format-standard","has-post-thumbnail","hentry","category-dunya-butun-xeberler"],"_links":{"self":[{"href":"https:\/\/ucnoqta.az\/index.php?rest_route=\/wp\/v2\/posts\/256661","targetHints":{"allow":["GET"]}}],"collection":[{"href":"https:\/\/ucnoqta.az\/index.php?rest_route=\/wp\/v2\/posts"}],"about":[{"href":"https:\/\/ucnoqta.az\/index.php?rest_route=\/wp\/v2\/types\/post"}],"author":[{"embeddable":true,"href":"https:\/\/ucnoqta.az\/index.php?rest_route=\/wp\/v2\/users\/2"}],"replies":[{"embeddable":true,"href":"https:\/\/ucnoqta.az\/index.php?rest_route=%2Fwp%2Fv2%2Fcomments&post=256661"}],"version-history":[{"count":0,"href":"https:\/\/ucnoqta.az\/index.php?rest_route=\/wp\/v2\/posts\/256661\/revisions"}],"wp:featuredmedia":[{"embeddable":true,"href":"https:\/\/ucnoqta.az\/index.php?rest_route=\/wp\/v2\/media\/256662"}],"wp:attachment":[{"href":"https:\/\/ucnoqta.az\/index.php?rest_route=%2Fwp%2Fv2%2Fmedia&parent=256661"}],"wp:term":[{"taxonomy":"category","embeddable":true,"href":"https:\/\/ucnoqta.az\/index.php?rest_route=%2Fwp%2Fv2%2Fcategories&post=256661"},{"taxonomy":"post_tag","embeddable":true,"href":"https:\/\/ucnoqta.az\/index.php?rest_route=%2Fwp%2Fv2%2Ftags&post=256661"}],"curies":[{"name":"wp","href":"https:\/\/api.w.org\/{rel}","templated":true}]}}