{"id":256657,"date":"2026-09-01T07:50:01","date_gmt":"2026-09-01T03:50:01","guid":{"rendered":"https:\/\/ucnoqta.az\/?p=256657"},"modified":"2026-09-01T07:50:01","modified_gmt":"2026-09-01T03:50:01","slug":"barselona-messinin-karyerasini-basa-vurmaq-q%c9%99rarina-munasib%c9%99t-bildirib","status":"publish","type":"post","link":"https:\/\/ucnoqta.az\/?p=256657","title":{"rendered":"\u201cBarselona\u201d Messinin karyeras\u0131n\u0131 ba\u015fa vurmaq q\u0259rar\u0131na m\u00fcnasib\u0259t bildirib"},"content":{"rendered":"<p class=\"isSelectedEnd\"><strong>S\u0259kkizqat \u201cQ\u0131z\u0131l top\u201d sahibi Lionel Messi Argentina millisind\u0259ki \u00e7\u0131x\u0131\u015f\u0131n\u0131 ba\u015fa vurmaq q\u0259rar\u0131na g\u0259lib.<\/strong><\/p>\n<p class=\"isSelectedEnd\">Ucnoqta.az x\u0259b\u0259r verir ki, futbol\u00e7unun karyeras\u0131n\u0131n b\u00f6y\u00fck hiss\u0259sini ke\u00e7irdiyi \u201cBarselona\u201d klubu Messinin milli komandada qoydu\u011fu irsl\u0259 f\u0259xr etdiyini bildirib.<\/p>\n<p>\u201cSon n\u0259f\u0259sin\u0259 q\u0259d\u0259r \u00f6z\u00fcn\u00fc tamamil\u0259 h\u0259sr etdin. \u00d6lk\u0259n v\u0259 b\u00fct\u00fcn \u201cBarselona\u201d azarke\u015fl\u0259ri gerid\u0259 qoydu\u011fun irsl\u0259 f\u0259xr edir\u201d, \u2013 dey\u0259 Kataloniya klubunun Messinin \u201cInstagram\u201d payla\u015f\u0131m\u0131n\u0131n alt\u0131na yazd\u0131\u011f\u0131 \u015f\u0259rhd\u0259 bildirilib.<\/p>\n","protected":false},"excerpt":{"rendered":"<p>S\u0259kkizqat \u201cQ\u0131z\u0131l top\u201d sahibi Lionel Messi Argentina millisind\u0259ki \u00e7\u0131x\u0131\u015f\u0131n\u0131 ba\u015fa vurmaq q\u0259rar\u0131na g\u0259lib. Ucnoqta.az x\u0259b\u0259r verir ki, futbol\u00e7unun karyeras\u0131n\u0131n b\u00f6y\u00fck hiss\u0259sini ke\u00e7irdiyi \u201cBarselona\u201d klubu Messinin milli komandada qoydu\u011fu irsl\u0259 f\u0259xr&hellip;<\/p>\n","protected":false},"author":2,"featured_media":250439,"comment_status":"closed","ping_status":"closed","sticky":false,"template":"","format":"standard","meta":{"_lmt_disableupdate":"","_lmt_disable":"","footnotes":""},"categories":[90],"tags":[],"class_list":["post-256657","post","type-post","status-publish","format-standard","has-post-thumbnail","hentry","category-idman-butun-xeberler"],"_links":{"self":[{"href":"https:\/\/ucnoqta.az\/index.php?rest_route=\/wp\/v2\/posts\/256657","targetHints":{"allow":["GET"]}}],"collection":[{"href":"https:\/\/ucnoqta.az\/index.php?rest_route=\/wp\/v2\/posts"}],"about":[{"href":"https:\/\/ucnoqta.az\/index.php?rest_route=\/wp\/v2\/types\/post"}],"author":[{"embeddable":true,"href":"https:\/\/ucnoqta.az\/index.php?rest_route=\/wp\/v2\/users\/2"}],"replies":[{"embeddable":true,"href":"https:\/\/ucnoqta.az\/index.php?rest_route=%2Fwp%2Fv2%2Fcomments&post=256657"}],"version-history":[{"count":0,"href":"https:\/\/ucnoqta.az\/index.php?rest_route=\/wp\/v2\/posts\/256657\/revisions"}],"wp:featuredmedia":[{"embeddable":true,"href":"https:\/\/ucnoqta.az\/index.php?rest_route=\/wp\/v2\/media\/250439"}],"wp:attachment":[{"href":"https:\/\/ucnoqta.az\/index.php?rest_route=%2Fwp%2Fv2%2Fmedia&parent=256657"}],"wp:term":[{"taxonomy":"category","embeddable":true,"href":"https:\/\/ucnoqta.az\/index.php?rest_route=%2Fwp%2Fv2%2Fcategories&post=256657"},{"taxonomy":"post_tag","embeddable":true,"href":"https:\/\/ucnoqta.az\/index.php?rest_route=%2Fwp%2Fv2%2Ftags&post=256657"}],"curies":[{"name":"wp","href":"https:\/\/api.w.org\/{rel}","templated":true}]}}