{"id":256647,"date":"2026-09-01T00:10:57","date_gmt":"2026-08-31T20:10:57","guid":{"rendered":"https:\/\/ucnoqta.az\/?p=256647"},"modified":"2026-09-01T00:10:57","modified_gmt":"2026-08-31T20:10:57","slug":"tramp-irana-qarsi-nuv%c9%99-silahindan-istifad%c9%99ni-istisna-edib","status":"publish","type":"post","link":"https:\/\/ucnoqta.az\/?p=256647","title":{"rendered":"Tramp \u0130rana qar\u015f\u0131 n\u00fcv\u0259 silah\u0131ndan istifad\u0259ni istisna edib"},"content":{"rendered":"<p class=\"isSelectedEnd\"><strong>AB\u015e prezidenti Donald Tramp \u0130rana qar\u015f\u0131 h\u0259rbi \u0259m\u0259liyyatlar \u00e7\u0259r\u00e7iv\u0259sind\u0259 n\u00fcv\u0259 silah\u0131ndan istifad\u0259 edilm\u0259sini istisna etdiyini bildirib.<\/strong><\/p>\n<p class=\"isSelectedEnd\">Ucnoqta.az x\u0259b\u0259r verir ki, Tramp\u0131n s\u00f6zl\u0259rin\u0259 g\u00f6r\u0259, AB\u015e \u0130ranla ba\u011fl\u0131 v\u0259ziyy\u0259td\u0259 h\u0259rbi imkanlar\u0131n\u0131 n\u0259z\u0259rd\u0259n ke\u00e7irs\u0259 d\u0259, n\u00fcv\u0259 silah\u0131ndan istifad\u0259 variant\u0131n\u0131 g\u00fcnd\u0259md\u0259 saxlam\u0131r.<\/p>\n<p>AB\u015e prezidenti bununla yana\u015f\u0131, Tehranla ba\u011fl\u0131 siyas\u0259td\u0259 dig\u0259r h\u0259rbi v\u0259 iqtisadi t\u0259zyiq vasit\u0259l\u0259rinin t\u0259tbiqinin m\u00fcmk\u00fcnl\u00fcy\u00fcn\u00fc istisna etm\u0259yib.<\/p>\n","protected":false},"excerpt":{"rendered":"<p>AB\u015e prezidenti Donald Tramp \u0130rana qar\u015f\u0131 h\u0259rbi \u0259m\u0259liyyatlar \u00e7\u0259r\u00e7iv\u0259sind\u0259 n\u00fcv\u0259 silah\u0131ndan istifad\u0259 edilm\u0259sini istisna etdiyini bildirib. Ucnoqta.az x\u0259b\u0259r verir ki, Tramp\u0131n s\u00f6zl\u0259rin\u0259 g\u00f6r\u0259, AB\u015e \u0130ranla ba\u011fl\u0131 v\u0259ziyy\u0259td\u0259 h\u0259rbi imkanlar\u0131n\u0131 n\u0259z\u0259rd\u0259n&hellip;<\/p>\n","protected":false},"author":2,"featured_media":248685,"comment_status":"closed","ping_status":"closed","sticky":false,"template":"","format":"standard","meta":{"_lmt_disableupdate":"","_lmt_disable":"","footnotes":""},"categories":[34],"tags":[],"class_list":["post-256647","post","type-post","status-publish","format-standard","has-post-thumbnail","hentry","category-butun-xeberler"],"_links":{"self":[{"href":"https:\/\/ucnoqta.az\/index.php?rest_route=\/wp\/v2\/posts\/256647","targetHints":{"allow":["GET"]}}],"collection":[{"href":"https:\/\/ucnoqta.az\/index.php?rest_route=\/wp\/v2\/posts"}],"about":[{"href":"https:\/\/ucnoqta.az\/index.php?rest_route=\/wp\/v2\/types\/post"}],"author":[{"embeddable":true,"href":"https:\/\/ucnoqta.az\/index.php?rest_route=\/wp\/v2\/users\/2"}],"replies":[{"embeddable":true,"href":"https:\/\/ucnoqta.az\/index.php?rest_route=%2Fwp%2Fv2%2Fcomments&post=256647"}],"version-history":[{"count":0,"href":"https:\/\/ucnoqta.az\/index.php?rest_route=\/wp\/v2\/posts\/256647\/revisions"}],"wp:featuredmedia":[{"embeddable":true,"href":"https:\/\/ucnoqta.az\/index.php?rest_route=\/wp\/v2\/media\/248685"}],"wp:attachment":[{"href":"https:\/\/ucnoqta.az\/index.php?rest_route=%2Fwp%2Fv2%2Fmedia&parent=256647"}],"wp:term":[{"taxonomy":"category","embeddable":true,"href":"https:\/\/ucnoqta.az\/index.php?rest_route=%2Fwp%2Fv2%2Fcategories&post=256647"},{"taxonomy":"post_tag","embeddable":true,"href":"https:\/\/ucnoqta.az\/index.php?rest_route=%2Fwp%2Fv2%2Ftags&post=256647"}],"curies":[{"name":"wp","href":"https:\/\/api.w.org\/{rel}","templated":true}]}}