{"id":256631,"date":"2026-09-01T00:00:47","date_gmt":"2026-08-31T20:00:47","guid":{"rendered":"https:\/\/ucnoqta.az\/?p=256631"},"modified":"2026-09-01T00:00:47","modified_gmt":"2026-08-31T20:00:47","slug":"tramp-abs-in-irana-z%c9%99rb%c9%99l%c9%99ri-davam-etdir%c9%99-bil%c9%99c%c9%99yini-istisna-etm%c9%99yib","status":"publish","type":"post","link":"https:\/\/ucnoqta.az\/?p=256631","title":{"rendered":"Tramp AB\u015e-\u0131n \u0130rana z\u0259rb\u0259l\u0259ri davam etdir\u0259 bil\u0259c\u0259yini istisna etm\u0259yib"},"content":{"rendered":"<p><strong>AB\u015e prezidenti Donald Tramp Va\u015finqtonun \u0130rana qar\u015f\u0131 h\u0259rbi z\u0259rb\u0259l\u0259ri davam etdir\u0259 bil\u0259c\u0259yini istisna etm\u0259yib.<\/strong><\/p>\n<p>Ucnoqta.az x\u0259b\u0259r verir ki, Tramp\u0131n s\u00f6zl\u0259rin\u0259 g\u00f6r\u0259, AB\u015e \u0130ranla ba\u011fl\u0131 v\u0259ziyy\u0259ti yax\u0131ndan izl\u0259yir v\u0259 bundan sonra at\u0131lacaq add\u0131mlar yaranacaq v\u0259ziyy\u0259td\u0259n as\u0131l\u0131 olacaq.<\/p>\n<p>AB\u015e prezidenti daha \u0259vv\u0259l d\u0259 \u0130ran\u0131n AB\u015e q\u00fcvv\u0259l\u0259rin\u0259 qar\u015f\u0131 m\u00fcmk\u00fcn h\u00fccumlar\u0131na s\u0259rt cavab veril\u0259c\u0259yini bildirib. O, Va\u015finqtonun Tehrana qar\u015f\u0131 h\u0259m h\u0259rbi, h\u0259m d\u0259 iqtisadi t\u0259zyiqi davam etdir\u0259c\u0259yin\u0259 i\u015far\u0259 edib.<\/p>\n<p>Tramp eyni zamanda \u0130ranla dan\u0131\u015f\u0131qlar\u0131n m\u00fcmk\u00fcn oldu\u011funu bildirs\u0259 d\u0259, Tehranla h\u0259r hans\u0131 raz\u0131la\u015fmaya etibar m\u0259s\u0259l\u0259sind\u0259 ehtiyatl\u0131 m\u00f6vqe n\u00fcmayi\u015f etdirib.<\/p>\n","protected":false},"excerpt":{"rendered":"<p>AB\u015e prezidenti Donald Tramp Va\u015finqtonun \u0130rana qar\u015f\u0131 h\u0259rbi z\u0259rb\u0259l\u0259ri davam etdir\u0259 bil\u0259c\u0259yini istisna etm\u0259yib. Ucnoqta.az x\u0259b\u0259r verir ki, Tramp\u0131n s\u00f6zl\u0259rin\u0259 g\u00f6r\u0259, AB\u015e \u0130ranla ba\u011fl\u0131 v\u0259ziyy\u0259ti yax\u0131ndan izl\u0259yir v\u0259 bundan sonra&hellip;<\/p>\n","protected":false},"author":2,"featured_media":256632,"comment_status":"closed","ping_status":"closed","sticky":false,"template":"","format":"standard","meta":{"_lmt_disableupdate":"","_lmt_disable":"","footnotes":""},"categories":[89],"tags":[],"class_list":["post-256631","post","type-post","status-publish","format-standard","has-post-thumbnail","hentry","category-dunya-butun-xeberler"],"_links":{"self":[{"href":"https:\/\/ucnoqta.az\/index.php?rest_route=\/wp\/v2\/posts\/256631","targetHints":{"allow":["GET"]}}],"collection":[{"href":"https:\/\/ucnoqta.az\/index.php?rest_route=\/wp\/v2\/posts"}],"about":[{"href":"https:\/\/ucnoqta.az\/index.php?rest_route=\/wp\/v2\/types\/post"}],"author":[{"embeddable":true,"href":"https:\/\/ucnoqta.az\/index.php?rest_route=\/wp\/v2\/users\/2"}],"replies":[{"embeddable":true,"href":"https:\/\/ucnoqta.az\/index.php?rest_route=%2Fwp%2Fv2%2Fcomments&post=256631"}],"version-history":[{"count":0,"href":"https:\/\/ucnoqta.az\/index.php?rest_route=\/wp\/v2\/posts\/256631\/revisions"}],"wp:featuredmedia":[{"embeddable":true,"href":"https:\/\/ucnoqta.az\/index.php?rest_route=\/wp\/v2\/media\/256632"}],"wp:attachment":[{"href":"https:\/\/ucnoqta.az\/index.php?rest_route=%2Fwp%2Fv2%2Fmedia&parent=256631"}],"wp:term":[{"taxonomy":"category","embeddable":true,"href":"https:\/\/ucnoqta.az\/index.php?rest_route=%2Fwp%2Fv2%2Fcategories&post=256631"},{"taxonomy":"post_tag","embeddable":true,"href":"https:\/\/ucnoqta.az\/index.php?rest_route=%2Fwp%2Fv2%2Ftags&post=256631"}],"curies":[{"name":"wp","href":"https:\/\/api.w.org\/{rel}","templated":true}]}}