{"id":256623,"date":"2026-08-31T23:46:18","date_gmt":"2026-08-31T19:46:18","guid":{"rendered":"https:\/\/ucnoqta.az\/?p=256623"},"modified":"2026-08-31T23:46:18","modified_gmt":"2026-08-31T19:46:18","slug":"abs-a-basqa-olk%c9%99l%c9%99rd%c9%99n-hucum-t%c9%99hluk%c9%99si-yoxdur-tramp","status":"publish","type":"post","link":"https:\/\/ucnoqta.az\/?p=256623","title":{"rendered":"AB\u015e-a ba\u015fqa \u00f6lk\u0259l\u0259rd\u0259n h\u00fccum t\u0259hl\u00fck\u0259si yoxdur &#8211; Tramp"},"content":{"rendered":"<p class=\"isSelectedEnd\"><strong>AB\u015e prezidenti Donald Tramp \u00f6lk\u0259sinin dig\u0259r d\u00f6vl\u0259tl\u0259rin h\u00fccumuna m\u0259ruz qalaca\u011f\u0131na inanmad\u0131\u011f\u0131n\u0131 bildirib.<\/strong><\/p>\n<p class=\"isSelectedEnd\">Ucnoqta.az x\u0259b\u0259r verir ki, Tramp A\u011f Evd\u0259 \u00e7\u0131x\u0131\u015f\u0131 zaman\u0131 m\u00fcharib\u0259 v\u0259 dig\u0259r f\u00f6vq\u0259lad\u0259 hallar zaman\u0131 d\u0259rman istehsal\u0131 \u00fc\u00e7\u00fcn z\u0259ruri madd\u0259l\u0259rin \u00f6lk\u0259d\u0259 ehtiyatda saxlanmas\u0131n\u0131n vacibliyini vur\u011fulay\u0131b.<\/p>\n<p class=\"isSelectedEnd\">\u00abLakin he\u00e7 kim biz\u0259 h\u00fccum etm\u0259y\u0259c\u0259k. Bilirsiniz niy\u0259? \u00c7\u00fcnki onlar a\u011f\u0131ll\u0131d\u0131rlar\u00bb, \u2013 dey\u0259 AB\u015e prezidenti bildirib.<\/p>\n<p>Tramp h\u0259m\u00e7inin administrasiyas\u0131n\u0131n \u00f6lk\u0259d\u0259 d\u0259rman qiym\u0259tl\u0259rinin a\u015fa\u011f\u0131 sal\u0131nmas\u0131na y\u00f6n\u0259lmi\u015f bir s\u0131ra t\u0259dbirl\u0259r g\u00f6rd\u00fcy\u00fcn\u00fc a\u00e7\u0131qlay\u0131b.<\/p>\n","protected":false},"excerpt":{"rendered":"<p>AB\u015e prezidenti Donald Tramp \u00f6lk\u0259sinin dig\u0259r d\u00f6vl\u0259tl\u0259rin h\u00fccumuna m\u0259ruz qalaca\u011f\u0131na inanmad\u0131\u011f\u0131n\u0131 bildirib. Ucnoqta.az x\u0259b\u0259r verir ki, Tramp A\u011f Evd\u0259 \u00e7\u0131x\u0131\u015f\u0131 zaman\u0131 m\u00fcharib\u0259 v\u0259 dig\u0259r f\u00f6vq\u0259lad\u0259 hallar zaman\u0131 d\u0259rman istehsal\u0131 \u00fc\u00e7\u00fcn&hellip;<\/p>\n","protected":false},"author":2,"featured_media":256624,"comment_status":"closed","ping_status":"closed","sticky":false,"template":"","format":"standard","meta":{"_lmt_disableupdate":"","_lmt_disable":"","footnotes":""},"categories":[89],"tags":[],"class_list":["post-256623","post","type-post","status-publish","format-standard","has-post-thumbnail","hentry","category-dunya-butun-xeberler"],"_links":{"self":[{"href":"https:\/\/ucnoqta.az\/index.php?rest_route=\/wp\/v2\/posts\/256623","targetHints":{"allow":["GET"]}}],"collection":[{"href":"https:\/\/ucnoqta.az\/index.php?rest_route=\/wp\/v2\/posts"}],"about":[{"href":"https:\/\/ucnoqta.az\/index.php?rest_route=\/wp\/v2\/types\/post"}],"author":[{"embeddable":true,"href":"https:\/\/ucnoqta.az\/index.php?rest_route=\/wp\/v2\/users\/2"}],"replies":[{"embeddable":true,"href":"https:\/\/ucnoqta.az\/index.php?rest_route=%2Fwp%2Fv2%2Fcomments&post=256623"}],"version-history":[{"count":0,"href":"https:\/\/ucnoqta.az\/index.php?rest_route=\/wp\/v2\/posts\/256623\/revisions"}],"wp:featuredmedia":[{"embeddable":true,"href":"https:\/\/ucnoqta.az\/index.php?rest_route=\/wp\/v2\/media\/256624"}],"wp:attachment":[{"href":"https:\/\/ucnoqta.az\/index.php?rest_route=%2Fwp%2Fv2%2Fmedia&parent=256623"}],"wp:term":[{"taxonomy":"category","embeddable":true,"href":"https:\/\/ucnoqta.az\/index.php?rest_route=%2Fwp%2Fv2%2Fcategories&post=256623"},{"taxonomy":"post_tag","embeddable":true,"href":"https:\/\/ucnoqta.az\/index.php?rest_route=%2Fwp%2Fv2%2Ftags&post=256623"}],"curies":[{"name":"wp","href":"https:\/\/api.w.org\/{rel}","templated":true}]}}