{"id":256618,"date":"2026-08-31T21:51:12","date_gmt":"2026-08-31T17:51:12","guid":{"rendered":"https:\/\/ucnoqta.az\/?p=256618"},"modified":"2026-08-31T22:36:17","modified_gmt":"2026-08-31T18:36:17","slug":"argentina-milli-komandasi-messiy%c9%99-t%c9%99s%c9%99kkur-edib","status":"publish","type":"post","link":"https:\/\/ucnoqta.az\/?p=256618","title":{"rendered":"Argentina milli komandas\u0131 Messiy\u0259 t\u0259\u015f\u0259kk\u00fcr edib"},"content":{"rendered":"<p class=\"isSelectedEnd\"><strong>Argentina milli komandas\u0131 karyeras\u0131n\u0131 ba\u015fa vurmaq q\u0259rar\u0131na g\u0259l\u0259n Lionel Messiy\u0259 t\u0259\u015f\u0259kk\u00fcr edib.<\/strong><\/p>\n<p class=\"isSelectedEnd\">Ucnoqta.az x\u0259b\u0259r verir ki, komandan\u0131n sosial \u015f\u0259b\u0259k\u0259 hesab\u0131nda yay\u0131mlanan payla\u015f\u0131mda Messiy\u0259 &#8220;h\u0259yat\u0131m\u0131z\u0131n \u0259n g\u00f6z\u0259l s\u0259yah\u0259tini b\u0259x\u015f etdiyi&#8221; \u00fc\u00e7\u00fcn t\u0259\u015f\u0259kk\u00fcr edilib v\u0259 onun irsi il\u0259 pe\u015f\u0259karl\u0131\u011f\u0131n\u0131n daim yadda\u015flarda qalaca\u011f\u0131 bildirilib.<\/p>\n<p class=\"isSelectedEnd\">39 ya\u015fl\u0131 Messi 2005-ci ild\u0259n Argentina millisind\u0259 \u00e7\u0131x\u0131\u015f edib. O, komanda il\u0259 2022-ci ild\u0259 d\u00fcnya \u00e7empionu olub, 2026-c\u0131 il d\u00fcnya \u00e7empionat\u0131n\u0131n is\u0259 final\u0131na y\u00fcks\u0259lib.<\/p>\n<p>Messinin milli komandan\u0131n hey\u0259tind\u0259 qazand\u0131\u011f\u0131 titullar aras\u0131nda 2008-ci il Olimpiya \u00e7empionlu\u011fu, iki Amerika Kuboku v\u0259 Finalissima kuboku da var.<\/p>\n","protected":false},"excerpt":{"rendered":"<p>Argentina milli komandas\u0131 karyeras\u0131n\u0131 ba\u015fa vurmaq q\u0259rar\u0131na g\u0259l\u0259n Lionel Messiy\u0259 t\u0259\u015f\u0259kk\u00fcr edib. Ucnoqta.az x\u0259b\u0259r verir ki, komandan\u0131n sosial \u015f\u0259b\u0259k\u0259 hesab\u0131nda yay\u0131mlanan payla\u015f\u0131mda Messiy\u0259 &#8220;h\u0259yat\u0131m\u0131z\u0131n \u0259n g\u00f6z\u0259l s\u0259yah\u0259tini b\u0259x\u015f etdiyi&#8221; \u00fc\u00e7\u00fcn&hellip;<\/p>\n","protected":false},"author":2,"featured_media":251278,"comment_status":"closed","ping_status":"closed","sticky":false,"template":"","format":"standard","meta":{"_lmt_disableupdate":"no","_lmt_disable":"","footnotes":""},"categories":[90],"tags":[],"class_list":["post-256618","post","type-post","status-publish","format-standard","has-post-thumbnail","hentry","category-idman-butun-xeberler"],"_links":{"self":[{"href":"https:\/\/ucnoqta.az\/index.php?rest_route=\/wp\/v2\/posts\/256618","targetHints":{"allow":["GET"]}}],"collection":[{"href":"https:\/\/ucnoqta.az\/index.php?rest_route=\/wp\/v2\/posts"}],"about":[{"href":"https:\/\/ucnoqta.az\/index.php?rest_route=\/wp\/v2\/types\/post"}],"author":[{"embeddable":true,"href":"https:\/\/ucnoqta.az\/index.php?rest_route=\/wp\/v2\/users\/2"}],"replies":[{"embeddable":true,"href":"https:\/\/ucnoqta.az\/index.php?rest_route=%2Fwp%2Fv2%2Fcomments&post=256618"}],"version-history":[{"count":0,"href":"https:\/\/ucnoqta.az\/index.php?rest_route=\/wp\/v2\/posts\/256618\/revisions"}],"wp:featuredmedia":[{"embeddable":true,"href":"https:\/\/ucnoqta.az\/index.php?rest_route=\/wp\/v2\/media\/251278"}],"wp:attachment":[{"href":"https:\/\/ucnoqta.az\/index.php?rest_route=%2Fwp%2Fv2%2Fmedia&parent=256618"}],"wp:term":[{"taxonomy":"category","embeddable":true,"href":"https:\/\/ucnoqta.az\/index.php?rest_route=%2Fwp%2Fv2%2Fcategories&post=256618"},{"taxonomy":"post_tag","embeddable":true,"href":"https:\/\/ucnoqta.az\/index.php?rest_route=%2Fwp%2Fv2%2Ftags&post=256618"}],"curies":[{"name":"wp","href":"https:\/\/api.w.org\/{rel}","templated":true}]}}