{"id":256608,"date":"2026-08-31T19:52:41","date_gmt":"2026-08-31T15:52:41","guid":{"rendered":"https:\/\/ucnoqta.az\/?p=256608"},"modified":"2026-08-31T19:52:41","modified_gmt":"2026-08-31T15:52:41","slug":"kiyev-niderlanddan-t%c9%99cili-olaraq-2-milyard-avro-h%c9%99rbi-yardim-ist%c9%99yir","status":"publish","type":"post","link":"https:\/\/ucnoqta.az\/?p=256608","title":{"rendered":"Kiyev Niderlanddan t\u0259cili olaraq 2 milyard avro h\u0259rbi yard\u0131m ist\u0259yir"},"content":{"rendered":"<p class=\"isSelectedEnd\"><strong>Ukraynan\u0131n Haaqadak\u0131 s\u0259firi Andrey Kostin Niderland h\u00f6kum\u0259tini \u00f6lk\u0259y\u0259 t\u0259cili olaraq 2 milyard avro h\u0259rbi yard\u0131m ay\u0131rma\u011fa \u00e7a\u011f\u0131r\u0131b.<\/strong><\/p>\n<p class=\"isSelectedEnd\">Ucnoqta.az x\u0259b\u0259r verir ki, bu bar\u0259d\u0259 \u00abde Volkskrant\u00bb q\u0259zeti m\u0259lumat yay\u0131b.<\/p>\n<p class=\"isSelectedEnd\">Diplomat\u0131n s\u00f6zl\u0259rin\u0259 g\u00f6r\u0259, Kiyev\u0259 Rusiya t\u0259r\u0259find\u0259n ballistik v\u0259 hipers\u0259s raketl\u0259rin\u0259 qar\u015f\u0131 m\u00fcdafi\u0259ni g\u00fccl\u0259ndirm\u0259k \u00fc\u00e7\u00fcn ist\u0259nil\u0259n yard\u0131m laz\u0131md\u0131r. Niderland hakimiyy\u0259ti son vaxtlar d\u0259f\u0259l\u0259rl\u0259 raketl\u0259rin qar\u015f\u0131s\u0131n\u0131n al\u0131nmas\u0131 \u00fc\u00e7\u00fcn vasit\u0259l\u0259rin \u00e7at\u0131\u015fmazl\u0131\u011f\u0131na diqq\u0259t \u00e7\u0259kib.<\/p>\n<p class=\"isSelectedEnd\">Kostin hesab edir ki, haz\u0131rda b\u00fcdc\u0259 il\u0259 ba\u011fl\u0131 m\u00fczakir\u0259l\u0259r aparan Niderland h\u00f6kum\u0259ti daha \u0259vv\u0259l Ukraynaya ay\u0131rma\u011f\u0131 v\u0259d etdiyi, lakin sonrak\u0131 tarixl\u0259rd\u0259 t\u0259qdim edilm\u0259si n\u0259z\u0259rd\u0259 tutulan v\u0259saitd\u0259n 2 milyard avronu vaxt\u0131ndan \u0259vv\u0259l ay\u0131ra bil\u0259r.<\/p>\n<p>S\u0259firin fikrinc\u0259, bu v\u0259saitin bir hiss\u0259si raketl\u0259ri havada m\u0259hv ed\u0259 bil\u0259n dronlar\u0131n istehsal\u0131na y\u00f6n\u0259ldil\u0259 bil\u0259r. Q\u0259zet onlar\u0131n Ukraynada, yoxsa dig\u0259r \u00f6lk\u0259l\u0259rd\u0259 istehsal olunaca\u011f\u0131n\u0131n d\u0259qiql\u0259\u015fdirilm\u0259diyini bildirir.<\/p>\n","protected":false},"excerpt":{"rendered":"<p>Ukraynan\u0131n Haaqadak\u0131 s\u0259firi Andrey Kostin Niderland h\u00f6kum\u0259tini \u00f6lk\u0259y\u0259 t\u0259cili olaraq 2 milyard avro h\u0259rbi yard\u0131m ay\u0131rma\u011fa \u00e7a\u011f\u0131r\u0131b. Ucnoqta.az x\u0259b\u0259r verir ki, bu bar\u0259d\u0259 \u00abde Volkskrant\u00bb q\u0259zeti m\u0259lumat yay\u0131b. Diplomat\u0131n s\u00f6zl\u0259rin\u0259&hellip;<\/p>\n","protected":false},"author":2,"featured_media":256609,"comment_status":"closed","ping_status":"closed","sticky":false,"template":"","format":"standard","meta":{"_lmt_disableupdate":"","_lmt_disable":"","footnotes":""},"categories":[89],"tags":[],"class_list":["post-256608","post","type-post","status-publish","format-standard","has-post-thumbnail","hentry","category-dunya-butun-xeberler"],"_links":{"self":[{"href":"https:\/\/ucnoqta.az\/index.php?rest_route=\/wp\/v2\/posts\/256608","targetHints":{"allow":["GET"]}}],"collection":[{"href":"https:\/\/ucnoqta.az\/index.php?rest_route=\/wp\/v2\/posts"}],"about":[{"href":"https:\/\/ucnoqta.az\/index.php?rest_route=\/wp\/v2\/types\/post"}],"author":[{"embeddable":true,"href":"https:\/\/ucnoqta.az\/index.php?rest_route=\/wp\/v2\/users\/2"}],"replies":[{"embeddable":true,"href":"https:\/\/ucnoqta.az\/index.php?rest_route=%2Fwp%2Fv2%2Fcomments&post=256608"}],"version-history":[{"count":0,"href":"https:\/\/ucnoqta.az\/index.php?rest_route=\/wp\/v2\/posts\/256608\/revisions"}],"wp:featuredmedia":[{"embeddable":true,"href":"https:\/\/ucnoqta.az\/index.php?rest_route=\/wp\/v2\/media\/256609"}],"wp:attachment":[{"href":"https:\/\/ucnoqta.az\/index.php?rest_route=%2Fwp%2Fv2%2Fmedia&parent=256608"}],"wp:term":[{"taxonomy":"category","embeddable":true,"href":"https:\/\/ucnoqta.az\/index.php?rest_route=%2Fwp%2Fv2%2Fcategories&post=256608"},{"taxonomy":"post_tag","embeddable":true,"href":"https:\/\/ucnoqta.az\/index.php?rest_route=%2Fwp%2Fv2%2Ftags&post=256608"}],"curies":[{"name":"wp","href":"https:\/\/api.w.org\/{rel}","templated":true}]}}