{"id":256605,"date":"2026-08-31T19:47:56","date_gmt":"2026-08-31T15:47:56","guid":{"rendered":"https:\/\/ucnoqta.az\/?p=256605"},"modified":"2026-08-31T20:17:22","modified_gmt":"2026-08-31T16:17:22","slug":"ozuml%c9%99-g%c9%99tirmis%c9%99m-prezidentl%c9%99r-arasinda-s%c9%99mimi-dialoq","status":"publish","type":"post","link":"https:\/\/ucnoqta.az\/?p=256605","title":{"rendered":"\u201cAz\u0259rbaycan suyundan i\u00e7\u201d &#8211; Prezidentl\u0259r aras\u0131nda s\u0259mimi dialoq"},"content":{"rendered":"<p><strong>X\u0259b\u0259r verdiyimiz kimi, Prezident \u0130lham \u018fliyev v\u0259 \u0130ran Prezidenti M\u0259sud Peze\u015fkian bu g\u00fcn Bi\u015fkekd\u0259 g\u00f6r\u00fc\u015f\u00fcbl\u0259r.<\/strong><\/p>\n<p>G\u00f6r\u00fc\u015fd\u0259n \u0259vv\u0259l d\u00f6vl\u0259t ba\u015f\u00e7\u0131lar\u0131n\u0131n s\u0259mimi dialoqu olub.<\/p>\n<p>H\u0259min dialoqu t\u0259qdim edirik:<\/p>\n<div class=\"wp-playlist wp-video-playlist wp-playlist-light\">\n\t\t<video controls=\"controls\" preload=\"none\" width=\"1148\"\n\t\t height=\"628\"\t><\/video>\n\t<div class=\"wp-playlist-next\"><\/div>\n\t<div class=\"wp-playlist-prev\"><\/div>\n\t<noscript>\n\t<ol>\n\t\t<li><a href='https:\/\/ucnoqta.az\/wp-content\/uploads\/2026\/08\/IMG_8755.mp4'>IMG_8755<\/a><\/li>\t<\/ol>\n\t<\/noscript>\n\t<script type=\"application\/json\" class=\"wp-playlist-script\">{\"type\":\"video\",\"tracklist\":true,\"tracknumbers\":true,\"images\":true,\"artists\":true,\"tracks\":[{\"src\":\"https:\/\/ucnoqta.az\/wp-content\/uploads\/2026\/08\/IMG_8755.mp4\",\"type\":\"video\/mp4\",\"title\":\"IMG_8755\",\"caption\":\"\",\"description\":\"\",\"meta\":{\"length_formatted\":\"1:04\"},\"dimensions\":{\"original\":{\"width\":848,\"height\":464},\"resized\":{\"width\":1148,\"height\":628}},\"image\":{\"src\":\"https:\/\/ucnoqta.az\/wp-includes\/images\/media\/video.svg\",\"width\":48,\"height\":64},\"thumb\":{\"src\":\"https:\/\/ucnoqta.az\/wp-includes\/images\/media\/video.svg\",\"width\":48,\"height\":64}}]}<\/script>\n<\/div>\n\t\n","protected":false},"excerpt":{"rendered":"<p>X\u0259b\u0259r verdiyimiz kimi, Prezident \u0130lham \u018fliyev v\u0259 \u0130ran Prezidenti M\u0259sud Peze\u015fkian bu g\u00fcn Bi\u015fkekd\u0259 g\u00f6r\u00fc\u015f\u00fcbl\u0259r. G\u00f6r\u00fc\u015fd\u0259n \u0259vv\u0259l d\u00f6vl\u0259t ba\u015f\u00e7\u0131lar\u0131n\u0131n s\u0259mimi dialoqu olub. H\u0259min dialoqu t\u0259qdim edirik:<\/p>\n","protected":false},"author":2,"featured_media":256606,"comment_status":"closed","ping_status":"closed","sticky":false,"template":"","format":"standard","meta":{"_lmt_disableupdate":"no","_lmt_disable":"","footnotes":""},"categories":[34,111],"tags":[],"class_list":["post-256605","post","type-post","status-publish","format-standard","has-post-thumbnail","hentry","category-butun-xeberler","category-manset"],"_links":{"self":[{"href":"https:\/\/ucnoqta.az\/index.php?rest_route=\/wp\/v2\/posts\/256605","targetHints":{"allow":["GET"]}}],"collection":[{"href":"https:\/\/ucnoqta.az\/index.php?rest_route=\/wp\/v2\/posts"}],"about":[{"href":"https:\/\/ucnoqta.az\/index.php?rest_route=\/wp\/v2\/types\/post"}],"author":[{"embeddable":true,"href":"https:\/\/ucnoqta.az\/index.php?rest_route=\/wp\/v2\/users\/2"}],"replies":[{"embeddable":true,"href":"https:\/\/ucnoqta.az\/index.php?rest_route=%2Fwp%2Fv2%2Fcomments&post=256605"}],"version-history":[{"count":0,"href":"https:\/\/ucnoqta.az\/index.php?rest_route=\/wp\/v2\/posts\/256605\/revisions"}],"wp:featuredmedia":[{"embeddable":true,"href":"https:\/\/ucnoqta.az\/index.php?rest_route=\/wp\/v2\/media\/256606"}],"wp:attachment":[{"href":"https:\/\/ucnoqta.az\/index.php?rest_route=%2Fwp%2Fv2%2Fmedia&parent=256605"}],"wp:term":[{"taxonomy":"category","embeddable":true,"href":"https:\/\/ucnoqta.az\/index.php?rest_route=%2Fwp%2Fv2%2Fcategories&post=256605"},{"taxonomy":"post_tag","embeddable":true,"href":"https:\/\/ucnoqta.az\/index.php?rest_route=%2Fwp%2Fv2%2Ftags&post=256605"}],"curies":[{"name":"wp","href":"https:\/\/api.w.org\/{rel}","templated":true}]}}