{"id":256596,"date":"2026-08-31T18:10:02","date_gmt":"2026-08-31T14:10:02","guid":{"rendered":"https:\/\/ucnoqta.az\/?p=256596"},"modified":"2026-08-31T18:10:02","modified_gmt":"2026-08-31T14:10:02","slug":"lula-da-silva-briks-sammitin%c9%99-getm%c9%99y%c9%99c%c9%99k","status":"publish","type":"post","link":"https:\/\/ucnoqta.az\/?p=256596","title":{"rendered":"Lula da Silva BR\u0130KS sammitin\u0259 getm\u0259y\u0259c\u0259k"},"content":{"rendered":"<p class=\"isSelectedEnd\"><strong>Braziliya prezidenti Luis \u0130nasio Lula da Silva sentyabrda Yeni Dehlid\u0259 ke\u00e7iril\u0259c\u0259k BR\u0130KS sammitind\u0259 i\u015ftirak etm\u0259y\u0259c\u0259k.<\/strong><\/p>\n<p class=\"isSelectedEnd\">Ucnoqta.az x\u0259b\u0259r evrir ki, bu bar\u0259d\u0259 CNN Brasil telekanal\u0131 m\u0259lumat yay\u0131b.<\/p>\n<p class=\"isSelectedEnd\">M\u0259lumata g\u00f6r\u0259, Braziliya n\u00fcmay\u0259nd\u0259 hey\u0259tin\u0259 \u00f6lk\u0259nin xarici i\u015fl\u0259r naziri Mauro Vieyra r\u0259hb\u0259rlik ed\u0259c\u0259k.<\/p>\n<p>Qeyd olunur ki, Lula da Silvan\u0131n sammit\u0259 qat\u0131lmamaq q\u0259rar\u0131 onun yenid\u0259n prezident se\u00e7ilm\u0259si il\u0259 ba\u011fl\u0131 kampaniyas\u0131 il\u0259 \u0259laq\u0259dard\u0131r. Braziliyada prezident se\u00e7kil\u0259ri oktyabr ay\u0131nda ke\u00e7iril\u0259c\u0259k.<\/p>\n","protected":false},"excerpt":{"rendered":"<p>Braziliya prezidenti Luis \u0130nasio Lula da Silva sentyabrda Yeni Dehlid\u0259 ke\u00e7iril\u0259c\u0259k BR\u0130KS sammitind\u0259 i\u015ftirak etm\u0259y\u0259c\u0259k. Ucnoqta.az x\u0259b\u0259r evrir ki, bu bar\u0259d\u0259 CNN Brasil telekanal\u0131 m\u0259lumat yay\u0131b. M\u0259lumata g\u00f6r\u0259, Braziliya n\u00fcmay\u0259nd\u0259&hellip;<\/p>\n","protected":false},"author":2,"featured_media":256597,"comment_status":"closed","ping_status":"closed","sticky":false,"template":"","format":"standard","meta":{"_lmt_disableupdate":"","_lmt_disable":"","footnotes":""},"categories":[89],"tags":[],"class_list":["post-256596","post","type-post","status-publish","format-standard","has-post-thumbnail","hentry","category-dunya-butun-xeberler"],"_links":{"self":[{"href":"https:\/\/ucnoqta.az\/index.php?rest_route=\/wp\/v2\/posts\/256596","targetHints":{"allow":["GET"]}}],"collection":[{"href":"https:\/\/ucnoqta.az\/index.php?rest_route=\/wp\/v2\/posts"}],"about":[{"href":"https:\/\/ucnoqta.az\/index.php?rest_route=\/wp\/v2\/types\/post"}],"author":[{"embeddable":true,"href":"https:\/\/ucnoqta.az\/index.php?rest_route=\/wp\/v2\/users\/2"}],"replies":[{"embeddable":true,"href":"https:\/\/ucnoqta.az\/index.php?rest_route=%2Fwp%2Fv2%2Fcomments&post=256596"}],"version-history":[{"count":0,"href":"https:\/\/ucnoqta.az\/index.php?rest_route=\/wp\/v2\/posts\/256596\/revisions"}],"wp:featuredmedia":[{"embeddable":true,"href":"https:\/\/ucnoqta.az\/index.php?rest_route=\/wp\/v2\/media\/256597"}],"wp:attachment":[{"href":"https:\/\/ucnoqta.az\/index.php?rest_route=%2Fwp%2Fv2%2Fmedia&parent=256596"}],"wp:term":[{"taxonomy":"category","embeddable":true,"href":"https:\/\/ucnoqta.az\/index.php?rest_route=%2Fwp%2Fv2%2Fcategories&post=256596"},{"taxonomy":"post_tag","embeddable":true,"href":"https:\/\/ucnoqta.az\/index.php?rest_route=%2Fwp%2Fv2%2Ftags&post=256596"}],"curies":[{"name":"wp","href":"https:\/\/api.w.org\/{rel}","templated":true}]}}