{"id":256585,"date":"2026-08-31T17:42:38","date_gmt":"2026-08-31T13:42:38","guid":{"rendered":"https:\/\/ucnoqta.az\/?p=256585"},"modified":"2026-08-31T17:42:38","modified_gmt":"2026-08-31T13:42:38","slug":"biskekd%c9%99-az%c9%99rbaycan-v%c9%99-iran-prezidentl%c9%99ri-gorusub","status":"publish","type":"post","link":"https:\/\/ucnoqta.az\/?p=256585","title":{"rendered":"Bi\u015fkekd\u0259 Az\u0259rbaycan v\u0259 \u0130ran prezidentl\u0259ri g\u00f6r\u00fc\u015f\u00fcb"},"content":{"rendered":"<p>Q\u0131r\u011f\u0131z\u0131stan\u0131n paytaxt\u0131 Bi\u015fkek \u015f\u0259h\u0259rind\u0259 Az\u0259rbaycan Respublikas\u0131n\u0131n Prezidenti \u0130lham \u018fliyevin \u0130ran \u0130slam Respublikas\u0131n\u0131n Prezidenti M\u0259sud Peze\u015fkianla g\u00f6r\u00fc\u015f\u00fc ke\u00e7irilir.<\/p>\n<p>Ucnoqta.az x\u0259b\u0259r verir ki, bu bar\u0259d\u0259 Prezidentin M\u0259tbuat Xidm\u0259ti M\u0259lumat yay\u0131b.<\/p>\n<p><img fetchpriority=\"high\" decoding=\"async\" class=\"alignnone size-medium wp-image-256587\" src=\"https:\/\/ucnoqta.az\/wp-content\/uploads\/2026\/08\/FB_IMG_1788183587611-300x210.jpg\" alt=\"\" width=\"300\" height=\"210\" srcset=\"https:\/\/ucnoqta.az\/wp-content\/uploads\/2026\/08\/FB_IMG_1788183587611-300x210.jpg 300w, https:\/\/ucnoqta.az\/wp-content\/uploads\/2026\/08\/FB_IMG_1788183587611-1024x717.jpg 1024w, https:\/\/ucnoqta.az\/wp-content\/uploads\/2026\/08\/FB_IMG_1788183587611-768x538.jpg 768w, https:\/\/ucnoqta.az\/wp-content\/uploads\/2026\/08\/FB_IMG_1788183587611-1536x1076.jpg 1536w, https:\/\/ucnoqta.az\/wp-content\/uploads\/2026\/08\/FB_IMG_1788183587611-1920x1344.jpg 1920w, https:\/\/ucnoqta.az\/wp-content\/uploads\/2026\/08\/FB_IMG_1788183587611-1170x819.jpg 1170w, https:\/\/ucnoqta.az\/wp-content\/uploads\/2026\/08\/FB_IMG_1788183587611-585x410.jpg 585w, https:\/\/ucnoqta.az\/wp-content\/uploads\/2026\/08\/FB_IMG_1788183587611.jpg 2048w\" sizes=\"(max-width: 300px) 100vw, 300px\" \/><\/p>\n","protected":false},"excerpt":{"rendered":"<p>Q\u0131r\u011f\u0131z\u0131stan\u0131n paytaxt\u0131 Bi\u015fkek \u015f\u0259h\u0259rind\u0259 Az\u0259rbaycan Respublikas\u0131n\u0131n Prezidenti \u0130lham \u018fliyevin \u0130ran \u0130slam Respublikas\u0131n\u0131n Prezidenti M\u0259sud Peze\u015fkianla g\u00f6r\u00fc\u015f\u00fc ke\u00e7irilir. Ucnoqta.az x\u0259b\u0259r verir ki, bu bar\u0259d\u0259 Prezidentin M\u0259tbuat Xidm\u0259ti M\u0259lumat yay\u0131b.<\/p>\n","protected":false},"author":2,"featured_media":256586,"comment_status":"closed","ping_status":"closed","sticky":false,"template":"","format":"standard","meta":{"_lmt_disableupdate":"","_lmt_disable":"","footnotes":""},"categories":[34,111],"tags":[],"class_list":["post-256585","post","type-post","status-publish","format-standard","has-post-thumbnail","hentry","category-butun-xeberler","category-manset"],"_links":{"self":[{"href":"https:\/\/ucnoqta.az\/index.php?rest_route=\/wp\/v2\/posts\/256585","targetHints":{"allow":["GET"]}}],"collection":[{"href":"https:\/\/ucnoqta.az\/index.php?rest_route=\/wp\/v2\/posts"}],"about":[{"href":"https:\/\/ucnoqta.az\/index.php?rest_route=\/wp\/v2\/types\/post"}],"author":[{"embeddable":true,"href":"https:\/\/ucnoqta.az\/index.php?rest_route=\/wp\/v2\/users\/2"}],"replies":[{"embeddable":true,"href":"https:\/\/ucnoqta.az\/index.php?rest_route=%2Fwp%2Fv2%2Fcomments&post=256585"}],"version-history":[{"count":0,"href":"https:\/\/ucnoqta.az\/index.php?rest_route=\/wp\/v2\/posts\/256585\/revisions"}],"wp:featuredmedia":[{"embeddable":true,"href":"https:\/\/ucnoqta.az\/index.php?rest_route=\/wp\/v2\/media\/256586"}],"wp:attachment":[{"href":"https:\/\/ucnoqta.az\/index.php?rest_route=%2Fwp%2Fv2%2Fmedia&parent=256585"}],"wp:term":[{"taxonomy":"category","embeddable":true,"href":"https:\/\/ucnoqta.az\/index.php?rest_route=%2Fwp%2Fv2%2Fcategories&post=256585"},{"taxonomy":"post_tag","embeddable":true,"href":"https:\/\/ucnoqta.az\/index.php?rest_route=%2Fwp%2Fv2%2Ftags&post=256585"}],"curies":[{"name":"wp","href":"https:\/\/api.w.org\/{rel}","templated":true}]}}