{"id":256581,"date":"2026-08-31T17:24:50","date_gmt":"2026-08-31T13:24:50","guid":{"rendered":"https:\/\/ucnoqta.az\/?p=256581"},"modified":"2026-08-31T17:24:50","modified_gmt":"2026-08-31T13:24:50","slug":"abs-irana-guclu-z%c9%99rb%c9%99-endir%c9%99c%c9%99k-tramp","status":"publish","type":"post","link":"https:\/\/ucnoqta.az\/?p=256581","title":{"rendered":"AB\u015e \u0130rana g\u00fccl\u00fc z\u0259rb\u0259 endir\u0259c\u0259k &#8211; Tramp"},"content":{"rendered":"<p class=\"isSelectedEnd\"><strong>AB\u015e prezidenti Donald Tramp \u0130ordaniyada yerl\u0259\u015f\u0259n Amerika h\u0259rb\u00e7il\u0259rin\u0259 qar\u015f\u0131 \u0130ran\u0131n raket h\u00fccumundan sonra Va\u015finqtonun Tehrana g\u00fccl\u00fc cavab ver\u0259c\u0259yini bildirib.<\/strong><\/p>\n<p class=\"isSelectedEnd\">Ucnoqta.az x\u0259b\u0259r verir ki, bu bar\u0259d\u0259 Tramp \u00abFox News\u00bb telekanal\u0131na a\u00e7\u0131qlamas\u0131nda deyib.<\/p>\n<p class=\"isSelectedEnd\">\u00abBiz onlara g\u00fccl\u00fc z\u0259rb\u0259 endir\u0259c\u0259yik\u00bb, \u2013 dey\u0259 AB\u015e prezidenti bildirib.<\/p>\n<p class=\"isSelectedEnd\">Tramp\u0131n s\u00f6zl\u0259rin\u0259 g\u00f6r\u0259, AB\u015e-\u0131n hava h\u00fccumundan m\u00fcdafi\u0259 sisteml\u0259ri \u0130ran\u0131n atd\u0131\u011f\u0131 raketl\u0259rin dem\u0259k olar ki, ham\u0131s\u0131n\u0131 z\u0259r\u0259rsizl\u0259\u015fdirib. O qeyd edib ki, yaln\u0131z bir raketin qar\u015f\u0131s\u0131n\u0131n al\u0131nmas\u0131na ehtiyac g\u00f6r\u00fclm\u0259yib, \u00e7\u00fcnki onun \u0259h\u0259miyy\u0259tli h\u0259d\u0259f\u0259 d\u00fc\u015fm\u0259y\u0259c\u0259yi g\u00f6zl\u0259nilirdi.<\/p>\n<p class=\"isSelectedEnd\">AB\u015e prezidenti h\u0259m\u00e7inin \u0130ran\u0131n dan\u0131\u015f\u0131qlara can atd\u0131\u011f\u0131n\u0131 bildirib, lakin m\u00fcmk\u00fcn raz\u0131la\u015fma \u0259ld\u0259 olunaca\u011f\u0131 t\u0259qdird\u0259 Tehrana etibar etm\u0259yin m\u00fcmk\u00fcnl\u00fcy\u00fcn\u0259 \u015f\u00fcbh\u0259 etdiyini vur\u011fulay\u0131b.<\/p>\n<p>Tramp \u0259lav\u0259 edib ki, AB\u015e-\u0131n \u0130rana qar\u015f\u0131 sanksiya t\u0259zyiqi bundan sonra da g\u00fccl\u0259ndiril\u0259c\u0259k.<\/p>\n","protected":false},"excerpt":{"rendered":"<p>AB\u015e prezidenti Donald Tramp \u0130ordaniyada yerl\u0259\u015f\u0259n Amerika h\u0259rb\u00e7il\u0259rin\u0259 qar\u015f\u0131 \u0130ran\u0131n raket h\u00fccumundan sonra Va\u015finqtonun Tehrana g\u00fccl\u00fc cavab ver\u0259c\u0259yini bildirib. Ucnoqta.az x\u0259b\u0259r verir ki, bu bar\u0259d\u0259 Tramp \u00abFox News\u00bb telekanal\u0131na a\u00e7\u0131qlamas\u0131nda&hellip;<\/p>\n","protected":false},"author":2,"featured_media":255152,"comment_status":"closed","ping_status":"closed","sticky":false,"template":"","format":"standard","meta":{"_lmt_disableupdate":"","_lmt_disable":"","footnotes":""},"categories":[89],"tags":[],"class_list":["post-256581","post","type-post","status-publish","format-standard","has-post-thumbnail","hentry","category-dunya-butun-xeberler"],"_links":{"self":[{"href":"https:\/\/ucnoqta.az\/index.php?rest_route=\/wp\/v2\/posts\/256581","targetHints":{"allow":["GET"]}}],"collection":[{"href":"https:\/\/ucnoqta.az\/index.php?rest_route=\/wp\/v2\/posts"}],"about":[{"href":"https:\/\/ucnoqta.az\/index.php?rest_route=\/wp\/v2\/types\/post"}],"author":[{"embeddable":true,"href":"https:\/\/ucnoqta.az\/index.php?rest_route=\/wp\/v2\/users\/2"}],"replies":[{"embeddable":true,"href":"https:\/\/ucnoqta.az\/index.php?rest_route=%2Fwp%2Fv2%2Fcomments&post=256581"}],"version-history":[{"count":0,"href":"https:\/\/ucnoqta.az\/index.php?rest_route=\/wp\/v2\/posts\/256581\/revisions"}],"wp:featuredmedia":[{"embeddable":true,"href":"https:\/\/ucnoqta.az\/index.php?rest_route=\/wp\/v2\/media\/255152"}],"wp:attachment":[{"href":"https:\/\/ucnoqta.az\/index.php?rest_route=%2Fwp%2Fv2%2Fmedia&parent=256581"}],"wp:term":[{"taxonomy":"category","embeddable":true,"href":"https:\/\/ucnoqta.az\/index.php?rest_route=%2Fwp%2Fv2%2Fcategories&post=256581"},{"taxonomy":"post_tag","embeddable":true,"href":"https:\/\/ucnoqta.az\/index.php?rest_route=%2Fwp%2Fv2%2Ftags&post=256581"}],"curies":[{"name":"wp","href":"https:\/\/api.w.org\/{rel}","templated":true}]}}