{"id":256572,"date":"2026-08-31T14:49:12","date_gmt":"2026-08-31T10:49:12","guid":{"rendered":"https:\/\/ucnoqta.az\/?p=256572"},"modified":"2026-08-31T14:49:12","modified_gmt":"2026-08-31T10:49:12","slug":"yagintili-hava-n%c9%99-vaxta-q%c9%99d%c9%99r-davam-ed%c9%99c%c9%99k","status":"publish","type":"post","link":"https:\/\/ucnoqta.az\/?p=256572","title":{"rendered":"Ya\u011f\u0131nt\u0131l\u0131 hava n\u0259 vaxta q\u0259d\u0259r davam ed\u0259c\u0259k?"},"content":{"rendered":"<p>Bak\u0131da v\u0259 Ab\u015feron yar\u0131madas\u0131nda fasil\u0259l\u0259rl\u0259 ya\u011f\u0131\u015f ya\u011facaq. Yar\u0131madan\u0131n ayr\u0131-ayr\u0131 yerl\u0259rind\u0259 \u015fim\u015f\u0259k \u00e7axacaq, leysan xarakterli, intensiv ya\u011f\u0131nt\u0131lar\u0131n olaca\u011f\u0131 ehtimal olunur. Sentyabr\u0131n 1-d\u0259 s\u0259h\u0259r saatlar\u0131ndan ya\u011f\u0131nt\u0131lar t\u0259dric\u0259n k\u0259sil\u0259c\u0259k.<\/p>\n<p>Ucnoqta.az bildirir ki, bu bar\u0259d\u0259 Ekologiya v\u0259 T\u0259bii S\u0259rv\u0259tl\u0259r Nazirliyinin Milli Hidrometeorologiya Xidm\u0259tinin Hidrometeoroloji Proqnozlar B\u00fcrosunun direktoru G\u00fcl\u015fad M\u0259mm\u0259dova m\u0259lumat verib.<\/p>\n<p>O bildirib ki, sentyabr\u0131n 1-i g\u00fcnd\u00fcz saatlar\u0131nda \u0259sas\u0259n ya\u011fmursuz hava \u015f\u0259raiti m\u00fc\u015fahid\u0259 olunacaq: \u201cArabir g\u00fccl\u0259n\u0259n \u015fimal-q\u0259rb k\u00fcl\u0259yi sentyabr\u0131n 1-i g\u00fcnd\u00fczd\u0259n z\u0259ifl\u0259y\u0259c\u0259k. Havan\u0131n maksimal temperaturunun 23-26 d\u0259r\u0259c\u0259 isti olaca\u011f\u0131 g\u00f6zl\u0259nilir.<\/p>\n<p>B\u00f6lg\u0259l\u0259rd\u0259 d\u0259 avqustun 31-d\u0259 v\u0259 yax\u0131n iki g\u00fcn \u0259rzind\u0259, sentyabr\u0131n 1-i v\u0259 2-sind\u0259 ya\u011f\u0131nt\u0131l\u0131 hava \u015f\u0259raiti davam ed\u0259c\u0259k. Ayr\u0131-ayr\u0131 yerl\u0259rd\u0259 ya\u011f\u0131nt\u0131lar\u0131n leysan xarakterli, intensiv olaca\u011f\u0131, \u015fim\u015f\u0259k \u00e7axaca\u011f\u0131, dolu d\u00fc\u015f\u0259c\u0259yi ehtimal olunur\u201d.<\/p>\n<p>G.M\u0259mm\u0259dova bildirib ki, g\u00f6zl\u0259nil\u0259n ya\u011f\u0131nt\u0131l\u0131 hava \u015f\u0259raiti il\u0259 \u0259laq\u0259dar \u00e7aylarda sululu\u011fun artaca\u011f\u0131, b\u0259zi da\u011f \u00e7aylar\u0131ndan is\u0259 q\u0131sam\u00fcdd\u0259tli sel ke\u00e7\u0259c\u0259yi istisna olunmur: \u201cSentyabr\u0131n 2-si ax\u015fam saatlar\u0131ndan ya\u011f\u0131nt\u0131lar t\u0259dric\u0259n k\u0259sil\u0259c\u0259k. Havan\u0131n maksimal temperaturu aran rayonlar\u0131nda 25-30, da\u011fl\u0131q \u0259razil\u0259rd\u0259 18-23 d\u0259r\u0259c\u0259 isti olacaq\u201d.<\/p>\n","protected":false},"excerpt":{"rendered":"<p>Bak\u0131da v\u0259 Ab\u015feron yar\u0131madas\u0131nda fasil\u0259l\u0259rl\u0259 ya\u011f\u0131\u015f ya\u011facaq. Yar\u0131madan\u0131n ayr\u0131-ayr\u0131 yerl\u0259rind\u0259 \u015fim\u015f\u0259k \u00e7axacaq, leysan xarakterli, intensiv ya\u011f\u0131nt\u0131lar\u0131n olaca\u011f\u0131 ehtimal olunur. Sentyabr\u0131n 1-d\u0259 s\u0259h\u0259r saatlar\u0131ndan ya\u011f\u0131nt\u0131lar t\u0259dric\u0259n k\u0259sil\u0259c\u0259k. Ucnoqta.az bildirir ki, bu&hellip;<\/p>\n","protected":false},"author":2,"featured_media":250481,"comment_status":"closed","ping_status":"closed","sticky":false,"template":"","format":"standard","meta":{"_lmt_disableupdate":"","_lmt_disable":"","footnotes":""},"categories":[34],"tags":[],"class_list":["post-256572","post","type-post","status-publish","format-standard","has-post-thumbnail","hentry","category-butun-xeberler"],"_links":{"self":[{"href":"https:\/\/ucnoqta.az\/index.php?rest_route=\/wp\/v2\/posts\/256572","targetHints":{"allow":["GET"]}}],"collection":[{"href":"https:\/\/ucnoqta.az\/index.php?rest_route=\/wp\/v2\/posts"}],"about":[{"href":"https:\/\/ucnoqta.az\/index.php?rest_route=\/wp\/v2\/types\/post"}],"author":[{"embeddable":true,"href":"https:\/\/ucnoqta.az\/index.php?rest_route=\/wp\/v2\/users\/2"}],"replies":[{"embeddable":true,"href":"https:\/\/ucnoqta.az\/index.php?rest_route=%2Fwp%2Fv2%2Fcomments&post=256572"}],"version-history":[{"count":0,"href":"https:\/\/ucnoqta.az\/index.php?rest_route=\/wp\/v2\/posts\/256572\/revisions"}],"wp:featuredmedia":[{"embeddable":true,"href":"https:\/\/ucnoqta.az\/index.php?rest_route=\/wp\/v2\/media\/250481"}],"wp:attachment":[{"href":"https:\/\/ucnoqta.az\/index.php?rest_route=%2Fwp%2Fv2%2Fmedia&parent=256572"}],"wp:term":[{"taxonomy":"category","embeddable":true,"href":"https:\/\/ucnoqta.az\/index.php?rest_route=%2Fwp%2Fv2%2Fcategories&post=256572"},{"taxonomy":"post_tag","embeddable":true,"href":"https:\/\/ucnoqta.az\/index.php?rest_route=%2Fwp%2Fv2%2Ftags&post=256572"}],"curies":[{"name":"wp","href":"https:\/\/api.w.org\/{rel}","templated":true}]}}