{"id":256570,"date":"2026-08-31T14:43:05","date_gmt":"2026-08-31T10:43:05","guid":{"rendered":"https:\/\/ucnoqta.az\/?p=256570"},"modified":"2026-08-31T14:43:05","modified_gmt":"2026-08-31T10:43:05","slug":"ruminiya-abs-qosunlarinin-geri-c%c9%99kilm%c9%99si-il%c9%99-bagli-hec-bir-%c9%99lam%c9%99t-almayib","status":"publish","type":"post","link":"https:\/\/ucnoqta.az\/?p=256570","title":{"rendered":"Rum\u0131niya AB\u015e qo\u015funlar\u0131n\u0131n geri \u00e7\u0259kilm\u0259si il\u0259 ba\u011fl\u0131 he\u00e7 bir \u0259lam\u0259t almay\u0131b"},"content":{"rendered":"<p>Rum\u0131niya Milli M\u00fcdafi\u0259 Nazirliyi AB\u015e-dan Amerika qo\u015funlar\u0131n\u0131n \u00f6lk\u0259d\u0259n \u00e7\u0131xar\u0131lmas\u0131 il\u0259 ba\u011fl\u0131 he\u00e7 bir bildiri\u015f almay\u0131b.<\/p>\n<p>Bu bar\u0259d\u0259 \u00f6lk\u0259nin M\u00fcdafi\u0259 naziri v\u0259zif\u0259sini icra ed\u0259n Radu Miru\u021b\u0103 Digi24 televiziya kanal\u0131na verdiyi m\u00fcsahib\u0259d\u0259 bildirib.<\/p>\n<p>&#8220;Haz\u0131rda M\u00fcdafi\u0259 Nazirliyi s\u0259viyy\u0259sind\u0259 Amerika qo\u015funlar\u0131n\u0131n Rum\u0131niyan\u0131 t\u0259rk ed\u0259c\u0259yin\u0259 dair he\u00e7 bir \u0259lam\u0259t yoxdur&#8221;, &#8211; dey\u0259 o, bildirib.<\/p>\n<p>Bundan \u0259lav\u0259, nazir v\u0259zif\u0259sini icra ed\u0259n \u015f\u0259xs son bir ne\u00e7\u0259 ay \u0259rzind\u0259 Rum\u0131niyaya t\u0259xmin\u0259n 400 \u0259lav\u0259 Amerika \u0259sg\u0259rinin g\u0259ldiyini vur\u011fulay\u0131b. O \u0259lav\u0259 edib ki, &#8220;Amerikan\u0131n Avropadak\u0131 h\u0259rbi m\u00f6vcudlu\u011funun n\u0259z\u0259rd\u0259n ke\u00e7irilm\u0259si&#8221; avtomatik olaraq qo\u015funlar\u0131n geri \u00e7\u0259kilm\u0259si kimi \u015f\u0259rh edilm\u0259m\u0259lidir, \u00e7\u00fcnki bu, kontingentd\u0259 &#8220;h\u0259m art\u0131m, h\u0259m d\u0259 azalma&#8221; dem\u0259k ola bil\u0259r.<\/p>\n","protected":false},"excerpt":{"rendered":"<p>Rum\u0131niya Milli M\u00fcdafi\u0259 Nazirliyi AB\u015e-dan Amerika qo\u015funlar\u0131n\u0131n \u00f6lk\u0259d\u0259n \u00e7\u0131xar\u0131lmas\u0131 il\u0259 ba\u011fl\u0131 he\u00e7 bir bildiri\u015f almay\u0131b. Bu bar\u0259d\u0259 \u00f6lk\u0259nin M\u00fcdafi\u0259 naziri v\u0259zif\u0259sini icra ed\u0259n Radu Miru\u021b\u0103 Digi24 televiziya kanal\u0131na verdiyi m\u00fcsahib\u0259d\u0259&hellip;<\/p>\n","protected":false},"author":2,"featured_media":254372,"comment_status":"closed","ping_status":"closed","sticky":false,"template":"","format":"standard","meta":{"_lmt_disableupdate":"","_lmt_disable":"","footnotes":""},"categories":[89],"tags":[],"class_list":["post-256570","post","type-post","status-publish","format-standard","has-post-thumbnail","hentry","category-dunya-butun-xeberler"],"_links":{"self":[{"href":"https:\/\/ucnoqta.az\/index.php?rest_route=\/wp\/v2\/posts\/256570","targetHints":{"allow":["GET"]}}],"collection":[{"href":"https:\/\/ucnoqta.az\/index.php?rest_route=\/wp\/v2\/posts"}],"about":[{"href":"https:\/\/ucnoqta.az\/index.php?rest_route=\/wp\/v2\/types\/post"}],"author":[{"embeddable":true,"href":"https:\/\/ucnoqta.az\/index.php?rest_route=\/wp\/v2\/users\/2"}],"replies":[{"embeddable":true,"href":"https:\/\/ucnoqta.az\/index.php?rest_route=%2Fwp%2Fv2%2Fcomments&post=256570"}],"version-history":[{"count":0,"href":"https:\/\/ucnoqta.az\/index.php?rest_route=\/wp\/v2\/posts\/256570\/revisions"}],"wp:featuredmedia":[{"embeddable":true,"href":"https:\/\/ucnoqta.az\/index.php?rest_route=\/wp\/v2\/media\/254372"}],"wp:attachment":[{"href":"https:\/\/ucnoqta.az\/index.php?rest_route=%2Fwp%2Fv2%2Fmedia&parent=256570"}],"wp:term":[{"taxonomy":"category","embeddable":true,"href":"https:\/\/ucnoqta.az\/index.php?rest_route=%2Fwp%2Fv2%2Fcategories&post=256570"},{"taxonomy":"post_tag","embeddable":true,"href":"https:\/\/ucnoqta.az\/index.php?rest_route=%2Fwp%2Fv2%2Ftags&post=256570"}],"curies":[{"name":"wp","href":"https:\/\/api.w.org\/{rel}","templated":true}]}}