{"id":256568,"date":"2026-08-31T14:37:52","date_gmt":"2026-08-31T10:37:52","guid":{"rendered":"https:\/\/ucnoqta.az\/?p=256568"},"modified":"2026-08-31T14:37:52","modified_gmt":"2026-08-31T10:37:52","slug":"sentyabrin-6-da-imtahan-keciril%c9%99c%c9%99k","status":"publish","type":"post","link":"https:\/\/ucnoqta.az\/?p=256568","title":{"rendered":"Sentyabr\u0131n 6-da imtahan ke\u00e7iril\u0259c\u0259k"},"content":{"rendered":"<p>D\u00f6vl\u0259t \u0130mtahan M\u0259rk\u0259zi 2026-c\u0131 ild\u0259 ke\u00e7irilmi\u015f burax\u0131l\u0131\u015f imtahanlar\u0131nda \u00fczrl\u00fc s\u0259b\u0259bd\u0259n i\u015ftirak ed\u0259 bilm\u0259y\u0259n 9-cu v\u0259 11-ci sinif \u015fagirdl\u0259ri, o c\u00fcml\u0259d\u0259n eksternat qaydas\u0131nda imtahan ver\u0259nl\u0259r \u00fc\u00e7\u00fcn sentyabr\u0131n 6-da \u0259lav\u0259 imtahan ke\u00e7ir\u0259c\u0259k.<\/p>\n<p>Bu bar\u0259d\u0259 D\u0130M-d\u0259n m\u0259lumat verilib.<\/p>\n<p>Bildirilib ki, h\u0259min g\u00fcn bu il ke\u00e7iril\u0259n Az\u0259rbaycan dili (d\u00f6vl\u0259t dili kimi) imtahanlar\u0131nda i\u015ftirak ed\u0259 bilm\u0259y\u0259n \u015fagirdl\u0259r d\u0259 qeyd olunan imtahan\u0131 ver\u0259c\u0259kl\u0259r.<\/p>\n<p>\u0130mtahanlar Bak\u0131, Nax\u00e7\u0131van, G\u0259nc\u0259 v\u0259 \u015eirvan \u015f\u0259h\u0259rl\u0259rind\u0259 t\u0259\u015fkil olunacaq.<\/p>\n","protected":false},"excerpt":{"rendered":"<p>D\u00f6vl\u0259t \u0130mtahan M\u0259rk\u0259zi 2026-c\u0131 ild\u0259 ke\u00e7irilmi\u015f burax\u0131l\u0131\u015f imtahanlar\u0131nda \u00fczrl\u00fc s\u0259b\u0259bd\u0259n i\u015ftirak ed\u0259 bilm\u0259y\u0259n 9-cu v\u0259 11-ci sinif \u015fagirdl\u0259ri, o c\u00fcml\u0259d\u0259n eksternat qaydas\u0131nda imtahan ver\u0259nl\u0259r \u00fc\u00e7\u00fcn sentyabr\u0131n 6-da \u0259lav\u0259 imtahan ke\u00e7ir\u0259c\u0259k.&hellip;<\/p>\n","protected":false},"author":2,"featured_media":251565,"comment_status":"closed","ping_status":"closed","sticky":false,"template":"","format":"standard","meta":{"_lmt_disableupdate":"","_lmt_disable":"","footnotes":""},"categories":[34],"tags":[],"class_list":["post-256568","post","type-post","status-publish","format-standard","has-post-thumbnail","hentry","category-butun-xeberler"],"_links":{"self":[{"href":"https:\/\/ucnoqta.az\/index.php?rest_route=\/wp\/v2\/posts\/256568","targetHints":{"allow":["GET"]}}],"collection":[{"href":"https:\/\/ucnoqta.az\/index.php?rest_route=\/wp\/v2\/posts"}],"about":[{"href":"https:\/\/ucnoqta.az\/index.php?rest_route=\/wp\/v2\/types\/post"}],"author":[{"embeddable":true,"href":"https:\/\/ucnoqta.az\/index.php?rest_route=\/wp\/v2\/users\/2"}],"replies":[{"embeddable":true,"href":"https:\/\/ucnoqta.az\/index.php?rest_route=%2Fwp%2Fv2%2Fcomments&post=256568"}],"version-history":[{"count":0,"href":"https:\/\/ucnoqta.az\/index.php?rest_route=\/wp\/v2\/posts\/256568\/revisions"}],"wp:featuredmedia":[{"embeddable":true,"href":"https:\/\/ucnoqta.az\/index.php?rest_route=\/wp\/v2\/media\/251565"}],"wp:attachment":[{"href":"https:\/\/ucnoqta.az\/index.php?rest_route=%2Fwp%2Fv2%2Fmedia&parent=256568"}],"wp:term":[{"taxonomy":"category","embeddable":true,"href":"https:\/\/ucnoqta.az\/index.php?rest_route=%2Fwp%2Fv2%2Fcategories&post=256568"},{"taxonomy":"post_tag","embeddable":true,"href":"https:\/\/ucnoqta.az\/index.php?rest_route=%2Fwp%2Fv2%2Ftags&post=256568"}],"curies":[{"name":"wp","href":"https:\/\/api.w.org\/{rel}","templated":true}]}}