{"id":256542,"date":"2026-08-31T12:14:55","date_gmt":"2026-08-31T08:14:55","guid":{"rendered":"https:\/\/ucnoqta.az\/?p=256542"},"modified":"2026-08-31T12:14:55","modified_gmt":"2026-08-31T08:14:55","slug":"generalin-qizi-isd%c9%99n-cixarilan-idar%c9%99-r%c9%99isini-m%c9%99hk%c9%99m%c9%99y%c9%99-verdi","status":"publish","type":"post","link":"https:\/\/ucnoqta.az\/?p=256542","title":{"rendered":"General\u0131n q\u0131z\u0131 i\u015fd\u0259n \u00e7\u0131xar\u0131lan idar\u0259 r\u0259isini m\u0259hk\u0259m\u0259y\u0259 verdi"},"content":{"rendered":"<p><strong>General Natiq \u018fliyevin q\u0131z\u0131 T\u00fcrk\u0259r \u018fliyeva bu yax\u0131nlarda i\u015fd\u0259n azad edil\u0259n Da\u015f\u0131nmaz \u018fmlak\u0131n D\u00f6vl\u0259t Reyestri Xidm\u0259tinin 4 sayl\u0131 Ab\u015feron \u018frazi \u0130dar\u0259sinin r\u0259isi Fuad \u0130br\u0259himovu v\u0259 idar\u0259nin \u0259m\u0259kda\u015f\u0131 Orxan \u018flizad\u0259ni m\u0259hk\u0259m\u0259y\u0259 verib.<\/strong><\/p>\n<p>Ucnoqta.az x\u0259b\u0259r verir ki, bu bar\u0259d\u0259 Unikal.az-a onun v\u0259kili M\u0259h\u0259rr\u0259m Hac\u0131yev m\u0259lumat verib.<\/p>\n<p>V\u0259kilin s\u00f6zl\u0259rin\u0259 g\u00f6r\u0259, T\u00fcrk\u0259r \u018fliyeva Da\u015f\u0131nmaz \u018fmlak\u0131n D\u00f6vl\u0259t Reyestri Xidm\u0259tinin 4 sayl\u0131 Ab\u015feron \u018frazi \u0130dar\u0259sind\u0259 olan zaman ke\u00e7mi\u015f r\u0259is v\u0259 \u0259m\u0259kda\u015f t\u0259r\u0259find\u0259n ona qar\u015f\u0131 qanunsuzluq v\u0259 t\u0259hqirl\u0259r edilib.<\/p>\n<p>Bu s\u0259b\u0259bd\u0259n h\u0259r iki \u015f\u0259xs Cinay\u0259t M\u0259c\u0259ll\u0259sinin 148-ci (T\u0259hqir) madd\u0259si il\u0259 x\u00fcsusi ittiham qaydas\u0131nda Ab\u015feron Rayon M\u0259hk\u0259m\u0259sin\u0259 verilib.<\/p>\n<p>Xat\u0131rladaq ki, bir ne\u00e7\u0259 g\u00fcn \u00f6nc\u0259 Da\u015f\u0131nmaz \u018fmlak\u0131n D\u00f6vl\u0259t Reyestri Xidm\u0259tinin 4 sayl\u0131 Ab\u015feron \u018frazi \u0130dar\u0259sinin r\u0259isi Fuad \u0130br\u0259himov tutdu\u011fu v\u0259zif\u0259d\u0259n azad edilib.<\/p>\n<p>Eyni zamanda, m\u0259lumata g\u00f6r\u0259, ke\u00e7mi\u015f idar\u0259 r\u0259isi d\u0259 general Natiq \u018fliyevin q\u0131z\u0131 T\u00fcrk\u0259r \u018fliyevan\u0131 x\u00fcsusi ittiham qaydas\u0131nda Ab\u015feron Rayon M\u0259hk\u0259m\u0259sin\u0259 verib.<\/p>\n","protected":false},"excerpt":{"rendered":"<p>General Natiq \u018fliyevin q\u0131z\u0131 T\u00fcrk\u0259r \u018fliyeva bu yax\u0131nlarda i\u015fd\u0259n azad edil\u0259n Da\u015f\u0131nmaz \u018fmlak\u0131n D\u00f6vl\u0259t Reyestri Xidm\u0259tinin 4 sayl\u0131 Ab\u015feron \u018frazi \u0130dar\u0259sinin r\u0259isi Fuad \u0130br\u0259himovu v\u0259 idar\u0259nin \u0259m\u0259kda\u015f\u0131 Orxan \u018flizad\u0259ni m\u0259hk\u0259m\u0259y\u0259&hellip;<\/p>\n","protected":false},"author":2,"featured_media":256543,"comment_status":"closed","ping_status":"closed","sticky":false,"template":"","format":"standard","meta":{"_lmt_disableupdate":"","_lmt_disable":"","footnotes":""},"categories":[101],"tags":[],"class_list":["post-256542","post","type-post","status-publish","format-standard","has-post-thumbnail","hentry","category-cemiyyet"],"_links":{"self":[{"href":"https:\/\/ucnoqta.az\/index.php?rest_route=\/wp\/v2\/posts\/256542","targetHints":{"allow":["GET"]}}],"collection":[{"href":"https:\/\/ucnoqta.az\/index.php?rest_route=\/wp\/v2\/posts"}],"about":[{"href":"https:\/\/ucnoqta.az\/index.php?rest_route=\/wp\/v2\/types\/post"}],"author":[{"embeddable":true,"href":"https:\/\/ucnoqta.az\/index.php?rest_route=\/wp\/v2\/users\/2"}],"replies":[{"embeddable":true,"href":"https:\/\/ucnoqta.az\/index.php?rest_route=%2Fwp%2Fv2%2Fcomments&post=256542"}],"version-history":[{"count":0,"href":"https:\/\/ucnoqta.az\/index.php?rest_route=\/wp\/v2\/posts\/256542\/revisions"}],"wp:featuredmedia":[{"embeddable":true,"href":"https:\/\/ucnoqta.az\/index.php?rest_route=\/wp\/v2\/media\/256543"}],"wp:attachment":[{"href":"https:\/\/ucnoqta.az\/index.php?rest_route=%2Fwp%2Fv2%2Fmedia&parent=256542"}],"wp:term":[{"taxonomy":"category","embeddable":true,"href":"https:\/\/ucnoqta.az\/index.php?rest_route=%2Fwp%2Fv2%2Fcategories&post=256542"},{"taxonomy":"post_tag","embeddable":true,"href":"https:\/\/ucnoqta.az\/index.php?rest_route=%2Fwp%2Fv2%2Ftags&post=256542"}],"curies":[{"name":"wp","href":"https:\/\/api.w.org\/{rel}","templated":true}]}}