{"id":256536,"date":"2026-08-31T12:06:50","date_gmt":"2026-08-31T08:06:50","guid":{"rendered":"https:\/\/ucnoqta.az\/?p=256536"},"modified":"2026-08-31T12:06:50","modified_gmt":"2026-08-31T08:06:50","slug":"kolnd%c9%99-nam%c9%99lum-s%c9%99xs-kafey%c9%99-at%c9%99s-acib","status":"publish","type":"post","link":"https:\/\/ucnoqta.az\/?p=256536","title":{"rendered":"K\u00f6lnd\u0259 nam\u0259lum \u015f\u0259xs kafey\u0259 at\u0259\u015f a\u00e7\u0131b"},"content":{"rendered":"<p class=\"isSelectedEnd\"><strong>Almaniyan\u0131n K\u00f6ln \u015f\u0259h\u0259rind\u0259 nam\u0259lum \u015f\u0259xs s\u0259h\u0259r saatlar\u0131nda t\u00fcrk kafesin\u0259 at\u0259\u015f a\u00e7\u0131b.\u00a0<\/strong><\/p>\n<p class=\"isSelectedEnd\">Ucnoqta.az x\u0259b\u0259r verir ki, bu bar\u0259d\u0259 Bild q\u0259zeti m\u0259lumat yay\u0131b. Hadis\u0259 n\u0259tic\u0259sind\u0259 \u00f6l\u0259n v\u0259 ya yaralananlar\u0131n olub-olmad\u0131\u011f\u0131 h\u0259l\u0259lik m\u0259lum deyil.<\/p>\n<p class=\"isSelectedEnd\">Hadis\u0259 yerli vaxtla saat 07:30 rad\u0259l\u0259rind\u0259 Bonner-\u015etrasse k\u00fc\u00e7\u0259sind\u0259 ba\u015f verib. Polis kafenin \u0259traf\u0131ndak\u0131 \u0259razini m\u00fchasir\u0259y\u0259 al\u0131b v\u0259 \u015f\u00fcbh\u0259linin axtar\u0131\u015f\u0131n\u0131 davam etdirir. Hadis\u0259 yerind\u0259 g\u00fcll\u0259 izl\u0259ri v\u0259 gilizl\u0259r a\u015fkarlan\u0131b.<\/p>\n","protected":false},"excerpt":{"rendered":"<p>Almaniyan\u0131n K\u00f6ln \u015f\u0259h\u0259rind\u0259 nam\u0259lum \u015f\u0259xs s\u0259h\u0259r saatlar\u0131nda t\u00fcrk kafesin\u0259 at\u0259\u015f a\u00e7\u0131b.\u00a0 Ucnoqta.az x\u0259b\u0259r verir ki, bu bar\u0259d\u0259 Bild q\u0259zeti m\u0259lumat yay\u0131b. Hadis\u0259 n\u0259tic\u0259sind\u0259 \u00f6l\u0259n v\u0259 ya yaralananlar\u0131n olub-olmad\u0131\u011f\u0131 h\u0259l\u0259lik m\u0259lum&hellip;<\/p>\n","protected":false},"author":2,"featured_media":256537,"comment_status":"closed","ping_status":"closed","sticky":false,"template":"","format":"standard","meta":{"_lmt_disableupdate":"","_lmt_disable":"","footnotes":""},"categories":[89],"tags":[],"class_list":["post-256536","post","type-post","status-publish","format-standard","has-post-thumbnail","hentry","category-dunya-butun-xeberler"],"_links":{"self":[{"href":"https:\/\/ucnoqta.az\/index.php?rest_route=\/wp\/v2\/posts\/256536","targetHints":{"allow":["GET"]}}],"collection":[{"href":"https:\/\/ucnoqta.az\/index.php?rest_route=\/wp\/v2\/posts"}],"about":[{"href":"https:\/\/ucnoqta.az\/index.php?rest_route=\/wp\/v2\/types\/post"}],"author":[{"embeddable":true,"href":"https:\/\/ucnoqta.az\/index.php?rest_route=\/wp\/v2\/users\/2"}],"replies":[{"embeddable":true,"href":"https:\/\/ucnoqta.az\/index.php?rest_route=%2Fwp%2Fv2%2Fcomments&post=256536"}],"version-history":[{"count":0,"href":"https:\/\/ucnoqta.az\/index.php?rest_route=\/wp\/v2\/posts\/256536\/revisions"}],"wp:featuredmedia":[{"embeddable":true,"href":"https:\/\/ucnoqta.az\/index.php?rest_route=\/wp\/v2\/media\/256537"}],"wp:attachment":[{"href":"https:\/\/ucnoqta.az\/index.php?rest_route=%2Fwp%2Fv2%2Fmedia&parent=256536"}],"wp:term":[{"taxonomy":"category","embeddable":true,"href":"https:\/\/ucnoqta.az\/index.php?rest_route=%2Fwp%2Fv2%2Fcategories&post=256536"},{"taxonomy":"post_tag","embeddable":true,"href":"https:\/\/ucnoqta.az\/index.php?rest_route=%2Fwp%2Fv2%2Ftags&post=256536"}],"curies":[{"name":"wp","href":"https:\/\/api.w.org\/{rel}","templated":true}]}}