{"id":256522,"date":"2026-08-31T11:42:57","date_gmt":"2026-08-31T07:42:57","guid":{"rendered":"https:\/\/ucnoqta.az\/?p=256522"},"modified":"2026-08-31T11:42:57","modified_gmt":"2026-08-31T07:42:57","slug":"ispaniya-seutadan-100-qeyri-qanuni-miqranti-deportasiya-edib","status":"publish","type":"post","link":"https:\/\/ucnoqta.az\/?p=256522","title":{"rendered":"\u0130spaniya Seutadan 100 qeyri-qanuni miqrant\u0131 deportasiya edib"},"content":{"rendered":"<p class=\"isSelectedEnd\"><strong>\u0130spaniyan\u0131n \u015eimali Afrikadak\u0131 muxtar \u015f\u0259h\u0259ri Seutadan iyulun sonlar\u0131nda s\u0259rh\u0259din k\u00fctl\u0259vi \u015f\u0259kild\u0259 ke\u00e7ilm\u0259sind\u0259n sonra cinay\u0259t t\u00f6r\u0259tmi\u015f \u0259n az\u0131 100 qeyri-qanuni miqrant deportasiya edilib.<\/strong><\/p>\n<p class=\"isSelectedEnd\">Ucnoqta.az x\u0259b\u0259r verir ki, bu bar\u0259d\u0259 \u0130spaniyan\u0131n Ba\u015f naziri Pedro San\u00e7es bildirib.<\/p>\n<p class=\"isSelectedEnd\">O, Cadena SER radiostansiyas\u0131na m\u00fcsahib\u0259sind\u0259 deyib ki, kimliyind\u0259n, haradan g\u0259lm\u0259sind\u0259n v\u0259 hans\u0131 pasporta sahib olmas\u0131ndan as\u0131l\u0131 olmayaraq, qanunu pozan \u015f\u0259xsl\u0259r\u0259 qar\u015f\u0131 qanunvericiliyin b\u00fct\u00fcn s\u0259rtliyi t\u0259tbiq olunur.<\/p>\n<p class=\"isSelectedEnd\">San\u00e7es qeyd edib ki, \u0130spaniya h\u00f6kum\u0259ti miqrantlar\u0131n q\u0259fil ax\u0131n\u0131n\u0131n s\u0259b\u0259bl\u0259rini ara\u015fd\u0131rmaqda davam edir.<\/p>\n<p>Ba\u015f nazirin s\u00f6zl\u0259rin\u0259 g\u00f6r\u0259, h\u00f6kum\u0259t Seutan\u0131n iqtisadiyyat\u0131na d\u0259st\u0259k m\u0259qs\u0259dil\u0259 \u0259lav\u0259 168 milyon avro ay\u0131rma\u011f\u0131 planla\u015fd\u0131r\u0131r.<\/p>\n","protected":false},"excerpt":{"rendered":"<p>\u0130spaniyan\u0131n \u015eimali Afrikadak\u0131 muxtar \u015f\u0259h\u0259ri Seutadan iyulun sonlar\u0131nda s\u0259rh\u0259din k\u00fctl\u0259vi \u015f\u0259kild\u0259 ke\u00e7ilm\u0259sind\u0259n sonra cinay\u0259t t\u00f6r\u0259tmi\u015f \u0259n az\u0131 100 qeyri-qanuni miqrant deportasiya edilib. Ucnoqta.az x\u0259b\u0259r verir ki, bu bar\u0259d\u0259 \u0130spaniyan\u0131n Ba\u015f&hellip;<\/p>\n","protected":false},"author":2,"featured_media":256523,"comment_status":"closed","ping_status":"closed","sticky":false,"template":"","format":"standard","meta":{"_lmt_disableupdate":"","_lmt_disable":"","footnotes":""},"categories":[34],"tags":[],"class_list":["post-256522","post","type-post","status-publish","format-standard","has-post-thumbnail","hentry","category-butun-xeberler"],"_links":{"self":[{"href":"https:\/\/ucnoqta.az\/index.php?rest_route=\/wp\/v2\/posts\/256522","targetHints":{"allow":["GET"]}}],"collection":[{"href":"https:\/\/ucnoqta.az\/index.php?rest_route=\/wp\/v2\/posts"}],"about":[{"href":"https:\/\/ucnoqta.az\/index.php?rest_route=\/wp\/v2\/types\/post"}],"author":[{"embeddable":true,"href":"https:\/\/ucnoqta.az\/index.php?rest_route=\/wp\/v2\/users\/2"}],"replies":[{"embeddable":true,"href":"https:\/\/ucnoqta.az\/index.php?rest_route=%2Fwp%2Fv2%2Fcomments&post=256522"}],"version-history":[{"count":0,"href":"https:\/\/ucnoqta.az\/index.php?rest_route=\/wp\/v2\/posts\/256522\/revisions"}],"wp:featuredmedia":[{"embeddable":true,"href":"https:\/\/ucnoqta.az\/index.php?rest_route=\/wp\/v2\/media\/256523"}],"wp:attachment":[{"href":"https:\/\/ucnoqta.az\/index.php?rest_route=%2Fwp%2Fv2%2Fmedia&parent=256522"}],"wp:term":[{"taxonomy":"category","embeddable":true,"href":"https:\/\/ucnoqta.az\/index.php?rest_route=%2Fwp%2Fv2%2Fcategories&post=256522"},{"taxonomy":"post_tag","embeddable":true,"href":"https:\/\/ucnoqta.az\/index.php?rest_route=%2Fwp%2Fv2%2Ftags&post=256522"}],"curies":[{"name":"wp","href":"https:\/\/api.w.org\/{rel}","templated":true}]}}