{"id":256483,"date":"2026-08-31T07:35:07","date_gmt":"2026-08-31T03:35:07","guid":{"rendered":"https:\/\/ucnoqta.az\/?p=256483"},"modified":"2026-08-31T00:13:04","modified_gmt":"2026-08-30T20:13:04","slug":"ev-heyvanlari-insanlarin-emosiyalarini-uz-ifad%c9%99l%c9%99rind%c9%99n-ayira-bilir","status":"publish","type":"post","link":"https:\/\/ucnoqta.az\/?p=256483","title":{"rendered":"Ev heyvanlar\u0131 insanlar\u0131n emosiyalar\u0131n\u0131 \u00fcz ifad\u0259l\u0259rind\u0259n ay\u0131ra bilir"},"content":{"rendered":"<p><strong>\u0130tl\u0259r insanlarla minillikl\u0259r \u0259rzind\u0259 birlikd\u0259 t\u0259kam\u00fcl ke\u00e7irdikl\u0259ri \u00fc\u00e7\u00fcn onlar\u0131n emosiyalar\u0131n\u0131 anlamaq qabiliyy\u0259ti formala\u015f\u0131b.<\/strong><\/p>\n<p>Ucnoqta.az bildirir ki, yeni ara\u015fd\u0131rma g\u00f6st\u0259rib ki, itl\u0259r insanlar\u0131n \u00fcz ifad\u0259l\u0259rind\u0259ki emosional f\u0259rql\u0259ri x\u00fcsusi beyin f\u0259aliyy\u0259ti vasit\u0259sil\u0259 ay\u0131rd ed\u0259 bilirl\u0259r.<\/p>\n<p>\u018fvv\u0259ll\u0259r aliml\u0259r itl\u0259rin eyni vaxtda yaln\u0131z iki \u00fcz ifad\u0259sini \u2013 m\u00fcsb\u0259t v\u0259 m\u0259nfi emosiyalar\u0131 nec\u0259 q\u0259bul etdiyini ara\u015fd\u0131r\u0131blar. Buna g\u00f6r\u0259 d\u0259 heyvanlar\u0131n daha m\u00fcr\u0259kk\u0259b emosional \u00e7alarlar\u0131 f\u0259rql\u0259ndirib-f\u0259rql\u0259ndirm\u0259diyi m\u0259lum deyildi. Yeni ara\u015fd\u0131rmada t\u0259dqiqat\u00e7\u0131lar insan \u00fczl\u0259rinin fotolar\u0131na baxan itl\u0259rin MRT g\u00f6r\u00fcnt\u00fcl\u0259rini ma\u015f\u0131n \u00f6yr\u0259nm\u0259si vasit\u0259sil\u0259 t\u0259hlil edibl\u0259r.<\/p>\n<p>\u201ciScience\u201d jurnal\u0131nda d\u0259rc olunan n\u0259tic\u0259l\u0259r\u0259 g\u00f6r\u0259, itl\u0259r sevinc, qorxu v\u0259 q\u0259z\u0259bi f\u0259rqli \u015f\u0259kild\u0259 q\u0259bul edir. Onlar h\u0259tta b\u0259zi m\u0259nfi emosiyalar aras\u0131ndak\u0131 f\u0259rql\u0259ri d\u0259 m\u00fc\u0259yy\u0259n ed\u0259 bilirl\u0259r. M\u0259s\u0259l\u0259n, qorxunu k\u0259d\u0259rd\u0259n v\u0259 ya q\u0259z\u0259bd\u0259n ay\u0131rmaq qabiliyy\u0259tin\u0259 malikdirl\u0259r.<br \/>\nT\u0259dqiqat\u0131n apar\u0131c\u0131 m\u00fc\u0259llifi, Vyana Universitetinin \u0259m\u0259kda\u015f\u0131 Raul Ernandes-Peres bildirib ki, insanlar \u00fcz ifad\u0259l\u0259rind\u0259ki ki\u00e7ik detallar\u0131 yax\u015f\u0131 f\u0259rql\u0259ndirirl\u0259r v\u0259 itl\u0259rd\u0259 d\u0259 buna b\u0259nz\u0259r qabiliyy\u0259t m\u00fc\u015fahid\u0259 olunur. Onun s\u00f6zl\u0259rin\u0259 g\u00f6r\u0259, itl\u0259rin beynini ara\u015fd\u0131rmaq onlar\u0131n insanlarla sosial v\u0259 emosional \u0259laq\u0259l\u0259rini m\u00fcmk\u00fcn ed\u0259n uy\u011funla\u015fmalar\u0131 daha yax\u015f\u0131 anlama\u011fa imkan verir.<br \/>\nT\u0259cr\u00fcb\u0259d\u0259 14 it\u0259 10 d\u0259qiq\u0259lik MRT m\u00fcayin\u0259si zaman\u0131 h\u0259r\u0259k\u0259tsiz uzanmaq \u00f6yr\u0259dilib. Heyvanlara tan\u0131mad\u0131qlar\u0131 insanlar\u0131n xo\u015fb\u0259xt \u00fcz ifad\u0259l\u0259ri g\u00f6st\u0259rildikd\u0259 onlar\u0131n beynind\u0259 koqnitiv funksiyalar v\u0259 m\u00fckafatland\u0131rma sistemi il\u0259 \u0259laq\u0259li gicgah qab\u0131\u011f\u0131 v\u0259 quyruqlu n\u00fcv\u0259 aktivl\u0259\u015fib.<br \/>\nBununla bel\u0259, itl\u0259r k\u0259d\u0259rli v\u0259 q\u0259z\u0259bli \u00fcz ifad\u0259l\u0259rini yaln\u0131z foto\u015f\u0259kill\u0259r \u0259sas\u0131nda f\u0259rql\u0259ndirm\u0259kd\u0259 daha \u00e7ox \u00e7\u0259tinlik \u00e7\u0259kibl\u0259r. Aliml\u0259r hesab edirl\u0259r ki, bu c\u00fcr inc\u0259 emosional f\u0259rql\u0259ri m\u00fc\u0259yy\u0259nl\u0259\u015fdirm\u0259k \u00fc\u00e7\u00fcn itl\u0259r\u0259 \u0259lav\u0259 m\u0259lumatlar \u2013 b\u0259d\u0259n dili, s\u0259s tonu v\u0259 qoxu laz\u0131m ola bil\u0259r.<br \/>\nT\u0259dqiqat\u0131n dig\u0259r m\u00fc\u0259llifi Laura Kuaia insanlar\u0131n itl\u0259ri emosional varl\u0131qlar kimi q\u0259bul etm\u0259sinin vacib oldu\u011funu vur\u011fulay\u0131b. Onun s\u00f6zl\u0259rin\u0259 g\u00f6r\u0259, itl\u0259r insanlarla birlikd\u0259 t\u0259kam\u00fcl ke\u00e7ir\u0259r\u0259k \u00fcz ifad\u0259l\u0259rimizi anlama\u011f\u0131 v\u0259 biziml\u0259 \u0259m\u0259kda\u015fl\u0131q etm\u0259yi \u00f6yr\u0259nibl\u0259r.<br \/>\nAliml\u0259r g\u0259l\u0259c\u0259kd\u0259 itl\u0259rin insan davran\u0131\u015flar\u0131n\u0131 \u015f\u0259rh etm\u0259k \u00fc\u00e7\u00fcn m\u00fcxt\u0259lif beyin siqnallar\u0131n\u0131 nec\u0259 birl\u0259\u015fdirdiyini ara\u015fd\u0131rma\u011f\u0131, h\u0259m\u00e7inin insan v\u0259 it beynind\u0259 emosiyalar\u0131n qavran\u0131lmas\u0131 prosesl\u0259rini m\u00fcqayis\u0259 etm\u0259yi planla\u015fd\u0131r\u0131rlar.<\/p>\n","protected":false},"excerpt":{"rendered":"<p>\u0130tl\u0259r insanlarla minillikl\u0259r \u0259rzind\u0259 birlikd\u0259 t\u0259kam\u00fcl ke\u00e7irdikl\u0259ri \u00fc\u00e7\u00fcn onlar\u0131n emosiyalar\u0131n\u0131 anlamaq qabiliyy\u0259ti formala\u015f\u0131b. Ucnoqta.az bildirir ki, yeni ara\u015fd\u0131rma g\u00f6st\u0259rib ki, itl\u0259r insanlar\u0131n \u00fcz ifad\u0259l\u0259rind\u0259ki emosional f\u0259rql\u0259ri x\u00fcsusi beyin f\u0259aliyy\u0259ti vasit\u0259sil\u0259&hellip;<\/p>\n","protected":false},"author":2,"featured_media":256484,"comment_status":"closed","ping_status":"closed","sticky":false,"template":"","format":"standard","meta":{"_lmt_disableupdate":"","_lmt_disable":"","footnotes":""},"categories":[100],"tags":[],"class_list":["post-256483","post","type-post","status-publish","format-standard","has-post-thumbnail","hentry","category-diger"],"_links":{"self":[{"href":"https:\/\/ucnoqta.az\/index.php?rest_route=\/wp\/v2\/posts\/256483","targetHints":{"allow":["GET"]}}],"collection":[{"href":"https:\/\/ucnoqta.az\/index.php?rest_route=\/wp\/v2\/posts"}],"about":[{"href":"https:\/\/ucnoqta.az\/index.php?rest_route=\/wp\/v2\/types\/post"}],"author":[{"embeddable":true,"href":"https:\/\/ucnoqta.az\/index.php?rest_route=\/wp\/v2\/users\/2"}],"replies":[{"embeddable":true,"href":"https:\/\/ucnoqta.az\/index.php?rest_route=%2Fwp%2Fv2%2Fcomments&post=256483"}],"version-history":[{"count":0,"href":"https:\/\/ucnoqta.az\/index.php?rest_route=\/wp\/v2\/posts\/256483\/revisions"}],"wp:featuredmedia":[{"embeddable":true,"href":"https:\/\/ucnoqta.az\/index.php?rest_route=\/wp\/v2\/media\/256484"}],"wp:attachment":[{"href":"https:\/\/ucnoqta.az\/index.php?rest_route=%2Fwp%2Fv2%2Fmedia&parent=256483"}],"wp:term":[{"taxonomy":"category","embeddable":true,"href":"https:\/\/ucnoqta.az\/index.php?rest_route=%2Fwp%2Fv2%2Fcategories&post=256483"},{"taxonomy":"post_tag","embeddable":true,"href":"https:\/\/ucnoqta.az\/index.php?rest_route=%2Fwp%2Fv2%2Ftags&post=256483"}],"curies":[{"name":"wp","href":"https:\/\/api.w.org\/{rel}","templated":true}]}}