{"id":250086,"date":"2026-07-18T20:39:10","date_gmt":"2026-07-18T16:39:10","guid":{"rendered":"https:\/\/ucnoqta.az\/?p=250086"},"modified":"2026-07-18T20:39:10","modified_gmt":"2026-07-18T16:39:10","slug":"miq-imtahanlari-il%c9%99-bagli-resmi-aciqlama","status":"publish","type":"post","link":"https:\/\/ucnoqta.az\/?p=250086","title":{"rendered":"M\u0130Q imtahanlar\u0131 il\u0259 ba\u011fl\u0131 R\u018fSM\u0130 A\u00c7IQLAMA"},"content":{"rendered":"<p><strong>2026-2027-ci t\u0259dris ili \u00fc\u00e7\u00fcn m\u00fc\u0259lliml\u0259rin i\u015f\u0259 q\u0259bulu \u00fczr\u0259 m\u00fcsabiq\u0259nin test imtahan\u0131 m\u0259rh\u0259l\u0259si ba\u015fa \u00e7at\u0131b.<\/strong><\/p>\n<p>Ucnoqta.az x\u0259b\u0259r verir ki, bu bar\u0259d\u0259 M\u0259kt\u0259b\u0259q\u0259d\u0259r v\u0259 \u00dcmumi T\u0259hsil \u00fczr\u0259 D\u00f6vl\u0259t Agentliyind\u0259n m\u0259lumat verilib.<\/p>\n<p>Bildirilib ki, iyulun 14-d\u0259n 18-d\u0259k t\u0259\u015fkil olunan test imtahanlar\u0131na \u00fcmumilikd\u0259 32 min 222 n\u0259f\u0259r d\u0259v\u0259t olunub. Test imtahan\u0131 m\u0259rh\u0259l\u0259si \u00fczr\u0259 davamiyy\u0259t g\u00f6st\u0259ricisi 96 faiz t\u0259\u015fkil edib.<\/p>\n<p>\u0130mtahan\u0131n son g\u00fcn\u00fc \u00fczr\u0259 apellyasiya m\u00fcraci\u0259tl\u0259rinin q\u0259bulu iyulun 19-da saat 12:00-dan etibar\u0259n ba\u015flayacaq.<\/p>\n<p>Test imtahan\u0131 m\u0259rh\u0259l\u0259si zaman\u0131 qaydalar\u0131 pozdu\u011fu m\u00fc\u0259yy\u0259n edil\u0259n 4 n\u0259f\u0259r imtahandan k\u0259narla\u015fd\u0131r\u0131l\u0131b.<\/p>\n<p>\u0130mtahan prosesinin \u015f\u0259ffafl\u0131\u011f\u0131n\u0131n v\u0259 obyektivliyinin t\u0259min edilm\u0259si m\u0259qs\u0259dil\u0259 n\u0259zar\u0259t t\u0259dbirl\u0259ri b\u00fct\u00fcn imtahan m\u0259rk\u0259zl\u0259rind\u0259 davam etdirilib.<\/p>\n<p>M\u00fcsabiq\u0259nin n\u00f6vb\u0259ti m\u0259rh\u0259l\u0259si il\u0259 ba\u011fl\u0131 m\u0259lumat yax\u0131n g\u00fcnl\u0259rd\u0259 ictimaiyy\u0259t\u0259 a\u00e7\u0131qlanacaq.<\/p>\n","protected":false},"excerpt":{"rendered":"<p>2026-2027-ci t\u0259dris ili \u00fc\u00e7\u00fcn m\u00fc\u0259lliml\u0259rin i\u015f\u0259 q\u0259bulu \u00fczr\u0259 m\u00fcsabiq\u0259nin test imtahan\u0131 m\u0259rh\u0259l\u0259si ba\u015fa \u00e7at\u0131b. Ucnoqta.az x\u0259b\u0259r verir ki, bu bar\u0259d\u0259 M\u0259kt\u0259b\u0259q\u0259d\u0259r v\u0259 \u00dcmumi T\u0259hsil \u00fczr\u0259 D\u00f6vl\u0259t Agentliyind\u0259n m\u0259lumat verilib. Bildirilib&hellip;<\/p>\n","protected":false},"author":2,"featured_media":248818,"comment_status":"closed","ping_status":"closed","sticky":false,"template":"","format":"standard","meta":{"_lmt_disableupdate":"","_lmt_disable":"","footnotes":""},"categories":[111,91],"tags":[],"class_list":["post-250086","post","type-post","status-publish","format-standard","has-post-thumbnail","hentry","category-manset","category-olkeici"],"_links":{"self":[{"href":"https:\/\/ucnoqta.az\/index.php?rest_route=\/wp\/v2\/posts\/250086","targetHints":{"allow":["GET"]}}],"collection":[{"href":"https:\/\/ucnoqta.az\/index.php?rest_route=\/wp\/v2\/posts"}],"about":[{"href":"https:\/\/ucnoqta.az\/index.php?rest_route=\/wp\/v2\/types\/post"}],"author":[{"embeddable":true,"href":"https:\/\/ucnoqta.az\/index.php?rest_route=\/wp\/v2\/users\/2"}],"replies":[{"embeddable":true,"href":"https:\/\/ucnoqta.az\/index.php?rest_route=%2Fwp%2Fv2%2Fcomments&post=250086"}],"version-history":[{"count":0,"href":"https:\/\/ucnoqta.az\/index.php?rest_route=\/wp\/v2\/posts\/250086\/revisions"}],"wp:featuredmedia":[{"embeddable":true,"href":"https:\/\/ucnoqta.az\/index.php?rest_route=\/wp\/v2\/media\/248818"}],"wp:attachment":[{"href":"https:\/\/ucnoqta.az\/index.php?rest_route=%2Fwp%2Fv2%2Fmedia&parent=250086"}],"wp:term":[{"taxonomy":"category","embeddable":true,"href":"https:\/\/ucnoqta.az\/index.php?rest_route=%2Fwp%2Fv2%2Fcategories&post=250086"},{"taxonomy":"post_tag","embeddable":true,"href":"https:\/\/ucnoqta.az\/index.php?rest_route=%2Fwp%2Fv2%2Ftags&post=250086"}],"curies":[{"name":"wp","href":"https:\/\/api.w.org\/{rel}","templated":true}]}}