{"id":250064,"date":"2026-07-18T10:13:10","date_gmt":"2026-07-18T06:13:10","guid":{"rendered":"https:\/\/ucnoqta.az\/?p=250064"},"modified":"2026-07-18T10:13:10","modified_gmt":"2026-07-18T06:13:10","slug":"messi-h%c9%99min-fotodan-danisdi","status":"publish","type":"post","link":"https:\/\/ucnoqta.az\/?p=250064","title":{"rendered":"Messi h\u0259min fotodan dan\u0131\u015fd\u0131"},"content":{"rendered":"<p><strong>Argentina kapitan\u0131 Lionel Messi ilk d\u0259f\u0259 Lamin Yamal\u0131 \u00e7im\u0259rk\u0259n \u00e7\u0259kilmi\u015f fotosuna m\u00fcnasib\u0259t bildirib.<\/strong><\/p>\n<p>Ucnoqta.az x\u0259b\u0259r verir ki, argentinal\u0131 ill\u0259r sonra D\u00fcnya Kuboku final\u0131nda h\u0259min o\u011flanla qar\u015f\u0131la\u015faca\u011f\u0131n\u0131 he\u00e7 vaxt a\u011fl\u0131na bel\u0259 g\u0259tirm\u0259diyini s\u00f6yl\u0259yib.<\/p>\n<p>&#8220;Bir vaxtlar t\u0259sad\u00fcfi bir k\u00f6rp\u0259 il\u0259 \u015f\u0259klimin \u00e7\u0259kildiyi v\u0259 indi onunla D\u00fcnya Kubokunun final\u0131nda g\u00f6r\u00fc\u015f\u0259c\u0259yim inan\u0131lmazd\u0131r, h\u0259qiq\u0259t\u0259n inan\u0131lmazd\u0131r&#8221; -Messi deyib.<br \/>\n\u015e\u0259kil 2007-ci ild\u0259 \u0130spaniya q\u0259zetinin xeyriyy\u0259 t\u0259qviminin bir hiss\u0259si olaraq \u00e7\u0259kilib. O zaman &#8220;Barselona&#8221;da oynayan 20 ya\u015fl\u0131 Messi Kataloniyadan olan k\u00f6rp\u0259l\u0259rl\u0259 fotosessiyada i\u015ftirak edib. Onlardan biri o vaxt c\u0259mi bir ne\u00e7\u0259 ayl\u0131q olan Yamal idi.<\/p>\n<p>19 iyulda Messi v\u0259 Yamal D\u00fcnya Kuboku final\u0131nda Argentinan\u0131n \u0130spaniya il\u0259 mat\u00e7\u0131nda qar\u015f\u0131la\u015facaqlar.<\/p>\n","protected":false},"excerpt":{"rendered":"<p>Argentina kapitan\u0131 Lionel Messi ilk d\u0259f\u0259 Lamin Yamal\u0131 \u00e7im\u0259rk\u0259n \u00e7\u0259kilmi\u015f fotosuna m\u00fcnasib\u0259t bildirib. Ucnoqta.az x\u0259b\u0259r verir ki, argentinal\u0131 ill\u0259r sonra D\u00fcnya Kuboku final\u0131nda h\u0259min o\u011flanla qar\u015f\u0131la\u015faca\u011f\u0131n\u0131 he\u00e7 vaxt a\u011fl\u0131na bel\u0259&hellip;<\/p>\n","protected":false},"author":2,"featured_media":250065,"comment_status":"closed","ping_status":"closed","sticky":false,"template":"","format":"standard","meta":{"_lmt_disableupdate":"","_lmt_disable":"","footnotes":""},"categories":[90],"tags":[],"class_list":["post-250064","post","type-post","status-publish","format-standard","has-post-thumbnail","hentry","category-idman-butun-xeberler"],"_links":{"self":[{"href":"https:\/\/ucnoqta.az\/index.php?rest_route=\/wp\/v2\/posts\/250064","targetHints":{"allow":["GET"]}}],"collection":[{"href":"https:\/\/ucnoqta.az\/index.php?rest_route=\/wp\/v2\/posts"}],"about":[{"href":"https:\/\/ucnoqta.az\/index.php?rest_route=\/wp\/v2\/types\/post"}],"author":[{"embeddable":true,"href":"https:\/\/ucnoqta.az\/index.php?rest_route=\/wp\/v2\/users\/2"}],"replies":[{"embeddable":true,"href":"https:\/\/ucnoqta.az\/index.php?rest_route=%2Fwp%2Fv2%2Fcomments&post=250064"}],"version-history":[{"count":0,"href":"https:\/\/ucnoqta.az\/index.php?rest_route=\/wp\/v2\/posts\/250064\/revisions"}],"wp:featuredmedia":[{"embeddable":true,"href":"https:\/\/ucnoqta.az\/index.php?rest_route=\/wp\/v2\/media\/250065"}],"wp:attachment":[{"href":"https:\/\/ucnoqta.az\/index.php?rest_route=%2Fwp%2Fv2%2Fmedia&parent=250064"}],"wp:term":[{"taxonomy":"category","embeddable":true,"href":"https:\/\/ucnoqta.az\/index.php?rest_route=%2Fwp%2Fv2%2Fcategories&post=250064"},{"taxonomy":"post_tag","embeddable":true,"href":"https:\/\/ucnoqta.az\/index.php?rest_route=%2Fwp%2Fv2%2Ftags&post=250064"}],"curies":[{"name":"wp","href":"https:\/\/api.w.org\/{rel}","templated":true}]}}