{"id":249987,"date":"2026-07-17T16:28:12","date_gmt":"2026-07-17T12:28:12","guid":{"rendered":"https:\/\/ucnoqta.az\/?p=249987"},"modified":"2026-07-17T16:28:12","modified_gmt":"2026-07-17T12:28:12","slug":"prezident-gomruk-rusumu-il%c9%99-bagli-q%c9%99rari-t%c9%99sdiql%c9%99di","status":"publish","type":"post","link":"https:\/\/ucnoqta.az\/?p=249987","title":{"rendered":"Prezident g\u00f6mr\u00fck r\u00fcsumu il\u0259 ba\u011fl\u0131 q\u0259rar\u0131 t\u0259sdiql\u0259di"},"content":{"rendered":"<p><strong>Prezident \u0130lham \u018fliyev Milli M\u0259clisin iyulun 10-da q\u0259bul etdiyi &#8220;G\u00f6mr\u00fck tarifi haqq\u0131nda&#8221; qanunda d\u0259yi\u015fiklik edilm\u0259si haqq\u0131nda qanunu t\u0259sdiql\u0259yib.<\/strong><\/p>\n<p>Ucnoqta.az x\u0259b\u0259r verir ki, d\u0259yi\u015fikliy\u0259 \u0259sas\u0259n, xarici iqtisadi f\u0259aliyy\u0259tin mal nomenklaturas\u0131 \u00fczr\u0259 siyah\u0131s\u0131 m\u00fcvafiq icra hakimiyy\u0259ti orqan\u0131n\u0131n m\u00fc\u0259yy\u0259n etdiyi orqan (qurum) t\u0259r\u0259find\u0259n t\u0259sdiq edilmi\u015f \u018fl\u0259t azad iqtisadi zonas\u0131nda Azad Zona h\u00fcquqi \u015f\u0259xsi t\u0259r\u0259find\u0259n tamamil\u0259 istehsal edilmi\u015f v\u0259 ya emala m\u0259ruz qalma meyarlar\u0131na uy\u011fun olaraq kifay\u0259t q\u0259d\u0259r emal olunmu\u015f yerli m\u0259n\u015f\u0259li mallar\u0131n h\u0259cminin az\u0131 50 %-nin \u00f6lk\u0259 h\u00fcdudlar\u0131ndan k\u0259nara ixrac\u0131 \u015f\u0259rtil\u0259, m\u00fcvafiq icra hakimiyy\u0259ti orqan\u0131n\u0131n m\u00fc\u0259yy\u0259n etdiyi orqan\u0131n (qurumun) m\u00fc\u0259yy\u0259n etdiyi qaydada \u018fl\u0259t azad iqtisadi zonas\u0131ndan \u0259sas iqtisadiyyata g\u0259tirilm\u0259si \u2013 mal\u0131 istehsal v\u0259 ya emal ed\u0259n Azad Zona h\u00fcquqi \u015f\u0259xsinin t\u0259sis olundu\u011fu tarixd\u0259n 15 il m\u00fcdd\u0259tind\u0259 g\u00f6mr\u00fck r\u00fcsumundan azad edilir.<\/p>\n<p>Qanun g\u0259l\u0259n il yanvar\u0131n 1-d\u0259n q\u00fcvv\u0259y\u0259 min\u0259c\u0259k.<\/p>\n","protected":false},"excerpt":{"rendered":"<p>Prezident \u0130lham \u018fliyev Milli M\u0259clisin iyulun 10-da q\u0259bul etdiyi &#8220;G\u00f6mr\u00fck tarifi haqq\u0131nda&#8221; qanunda d\u0259yi\u015fiklik edilm\u0259si haqq\u0131nda qanunu t\u0259sdiql\u0259yib. Ucnoqta.az x\u0259b\u0259r verir ki, d\u0259yi\u015fikliy\u0259 \u0259sas\u0259n, xarici iqtisadi f\u0259aliyy\u0259tin mal nomenklaturas\u0131 \u00fczr\u0259&hellip;<\/p>\n","protected":false},"author":2,"featured_media":249988,"comment_status":"closed","ping_status":"closed","sticky":false,"template":"","format":"standard","meta":{"_lmt_disableupdate":"","_lmt_disable":"","footnotes":""},"categories":[101,111],"tags":[],"class_list":["post-249987","post","type-post","status-publish","format-standard","has-post-thumbnail","hentry","category-cemiyyet","category-manset"],"_links":{"self":[{"href":"https:\/\/ucnoqta.az\/index.php?rest_route=\/wp\/v2\/posts\/249987","targetHints":{"allow":["GET"]}}],"collection":[{"href":"https:\/\/ucnoqta.az\/index.php?rest_route=\/wp\/v2\/posts"}],"about":[{"href":"https:\/\/ucnoqta.az\/index.php?rest_route=\/wp\/v2\/types\/post"}],"author":[{"embeddable":true,"href":"https:\/\/ucnoqta.az\/index.php?rest_route=\/wp\/v2\/users\/2"}],"replies":[{"embeddable":true,"href":"https:\/\/ucnoqta.az\/index.php?rest_route=%2Fwp%2Fv2%2Fcomments&post=249987"}],"version-history":[{"count":0,"href":"https:\/\/ucnoqta.az\/index.php?rest_route=\/wp\/v2\/posts\/249987\/revisions"}],"wp:featuredmedia":[{"embeddable":true,"href":"https:\/\/ucnoqta.az\/index.php?rest_route=\/wp\/v2\/media\/249988"}],"wp:attachment":[{"href":"https:\/\/ucnoqta.az\/index.php?rest_route=%2Fwp%2Fv2%2Fmedia&parent=249987"}],"wp:term":[{"taxonomy":"category","embeddable":true,"href":"https:\/\/ucnoqta.az\/index.php?rest_route=%2Fwp%2Fv2%2Fcategories&post=249987"},{"taxonomy":"post_tag","embeddable":true,"href":"https:\/\/ucnoqta.az\/index.php?rest_route=%2Fwp%2Fv2%2Ftags&post=249987"}],"curies":[{"name":"wp","href":"https:\/\/api.w.org\/{rel}","templated":true}]}}