{"id":249955,"date":"2026-07-17T15:44:48","date_gmt":"2026-07-17T11:44:48","guid":{"rendered":"https:\/\/ucnoqta.az\/?p=249955"},"modified":"2026-07-17T15:44:48","modified_gmt":"2026-07-17T11:44:48","slug":"19-il-sonra-tarixi-gorus-futbolun-%c9%99n-maraqli-hekay%c9%99si","status":"publish","type":"post","link":"https:\/\/ucnoqta.az\/?p=249955","title":{"rendered":"19 il sonra tarixi g\u00f6r\u00fc\u015f: Futbolun \u0259n maraql\u0131 hekay\u0259si"},"content":{"rendered":"<p><strong>2026-c\u0131 il FIFA D\u00fcnya Kubokunun final\u0131 futbol tarixinin \u0259n yaddaqalan hekay\u0259l\u0259rind\u0259n birin\u0259 s\u0259hn\u0259 olacaq. \u0130yulun 19-da ke\u00e7iril\u0259c\u0259k h\u0259lledici qar\u015f\u0131la\u015fmada \u0130spaniya v\u0259 Argentina millil\u0259ri \u00fcz-\u00fcz\u0259 g\u0259l\u0259c\u0259k, Lionel Messi is\u0259 ill\u0259r \u0259vv\u0259l quca\u011f\u0131na al\u0131b vannada \u00e7imdirdiyi Lamin Yamal\u0131n r\u0259qibi olacaq.<\/strong><\/p>\n<p><a href=\"https:\/\/ucnoqta.az\/news\/246828\/\">Ucnoqta.az<\/a>\u00a0bildirir ki, bu maraql\u0131 hekay\u0259nin ba\u015flan\u011f\u0131c\u0131 2007-ci il\u0259 t\u0259sad\u00fcf edir. H\u0259min il Kataloniyan\u0131n Diario Sport q\u0259zeti v\u0259 UNICEF-in birg\u0259 t\u0259\u015fkil etdiyi xeyriyy\u0259 fotosessiyas\u0131nda o d\u00f6vrd\u0259 &#8220;Barselona&#8221;n\u0131n g\u0259nc ulduzu olan 20 ya\u015fl\u0131 Lionel Messi bir ne\u00e7\u0259 ayl\u0131q Lamin Yamal il\u0259 \u015f\u0259kil \u00e7\u0259kdirib. Fotosessiya zaman\u0131 Messi k\u00f6rp\u0259 Yamal\u0131 plastik vannada \u00e7imdirmi\u015fdi.<\/p>\n<p><img fetchpriority=\"high\" decoding=\"async\" class=\"size-medium wp-image-249959\" src=\"http:\/\/ucnoqta.az\/wp-content\/uploads\/2026\/07\/mss-1-300x218.jpg\" alt=\"\" width=\"300\" height=\"218\" srcset=\"https:\/\/ucnoqta.az\/wp-content\/uploads\/2026\/07\/mss-1-300x218.jpg 300w, https:\/\/ucnoqta.az\/wp-content\/uploads\/2026\/07\/mss-1-585x426.jpg 585w, https:\/\/ucnoqta.az\/wp-content\/uploads\/2026\/07\/mss-1.jpg 640w\" sizes=\"(max-width: 300px) 100vw, 300px\" \/><\/p>\n<div class=\"mceTemp\"><\/div>\n<p>\u0130ll\u0259r sonra Yamal\u0131n atas\u0131 h\u0259min fotolar\u0131 sosial \u015f\u0259b\u0259k\u0259l\u0259rd\u0259 payla\u015fd\u0131qdan sonra g\u00f6r\u00fcnt\u00fcl\u0259r b\u00fct\u00fcn d\u00fcnyada geni\u015f maraq do\u011furdu. \u0130ndi is\u0259 h\u0259min fotolar D\u00fcnya Kuboku final\u0131 \u0259r\u0259f\u0259sind\u0259 yenid\u0259n g\u00fcnd\u0259m\u0259 g\u0259lib.<\/p>\n<p><img decoding=\"async\" class=\"alignnone size-medium wp-image-249960\" src=\"http:\/\/ucnoqta.az\/wp-content\/uploads\/2026\/07\/Ekran-s\u0259kli-2026-07-17-154621-300x198.png\" alt=\"\" width=\"300\" height=\"198\" srcset=\"https:\/\/ucnoqta.az\/wp-content\/uploads\/2026\/07\/Ekran-s\u0259kli-2026-07-17-154621-300x198.png 300w, https:\/\/ucnoqta.az\/wp-content\/uploads\/2026\/07\/Ekran-s\u0259kli-2026-07-17-154621-585x387.png 585w, https:\/\/ucnoqta.az\/wp-content\/uploads\/2026\/07\/Ekran-s\u0259kli-2026-07-17-154621-263x175.png 263w, https:\/\/ucnoqta.az\/wp-content\/uploads\/2026\/07\/Ekran-s\u0259kli-2026-07-17-154621.png 623w\" sizes=\"(max-width: 300px) 100vw, 300px\" \/><\/p>\n<p>Haz\u0131rda 39 ya\u015fl\u0131 Messi il\u0259 19 ya\u015fl\u0131 Lamin Yamal d\u00fcnya \u00e7empionlu\u011fu u\u011frunda eyni meydanda r\u0259qib olacaqlar. Beyn\u0259lxalq idman medias\u0131 bu qar\u015f\u0131la\u015fman\u0131 t\u0259kc\u0259 iki g\u00fccl\u00fc komandan\u0131n m\u00fcbariz\u0259si deyil, h\u0259m d\u0259 futbolun n\u0259sill\u0259raras\u0131 simvolik qar\u015f\u0131durmas\u0131 kimi qiym\u0259tl\u0259ndirir.<\/p>\n<p>Sosial \u015f\u0259b\u0259k\u0259l\u0259rd\u0259 milyonlarla d\u0259f\u0259 payla\u015f\u0131lan m\u0259\u015fhur foto futbol azarke\u015fl\u0259ri t\u0259r\u0259find\u0259n &#8220;futbol tarixinin \u0259n t\u0259sirli t\u0259sad\u00fcfl\u0259rind\u0259n biri&#8221; adland\u0131r\u0131l\u0131r. Bir vaxtlar Messinin quca\u011f\u0131nda olan k\u00f6rp\u0259 Yamal indi D\u00fcnya Kubokunun final\u0131nda argentinal\u0131 \u0259fsan\u0259y\u0259 qar\u015f\u0131 \u0130spaniyan\u0131n \u0259sas \u00fcmidl\u0259rind\u0259n biri olacaq.<\/p>\n<p>Qeyd ed\u0259k ki, 2026-c\u0131 il FIFA D\u00fcnya Kubokunun final oyunu iyulun 19-da saat 23:00-da ke\u00e7iril\u0259c\u0259k.\/\/\/haberturk<\/p>\n","protected":false},"excerpt":{"rendered":"<p>2026-c\u0131 il FIFA D\u00fcnya Kubokunun final\u0131 futbol tarixinin \u0259n yaddaqalan hekay\u0259l\u0259rind\u0259n birin\u0259 s\u0259hn\u0259 olacaq. \u0130yulun 19-da ke\u00e7iril\u0259c\u0259k h\u0259lledici qar\u015f\u0131la\u015fmada \u0130spaniya v\u0259 Argentina millil\u0259ri \u00fcz-\u00fcz\u0259 g\u0259l\u0259c\u0259k, Lionel Messi is\u0259 ill\u0259r \u0259vv\u0259l&hellip;<\/p>\n","protected":false},"author":2,"featured_media":249957,"comment_status":"closed","ping_status":"closed","sticky":false,"template":"","format":"standard","meta":{"_lmt_disableupdate":"","_lmt_disable":"","footnotes":""},"categories":[90],"tags":[],"class_list":["post-249955","post","type-post","status-publish","format-standard","has-post-thumbnail","hentry","category-idman-butun-xeberler"],"_links":{"self":[{"href":"https:\/\/ucnoqta.az\/index.php?rest_route=\/wp\/v2\/posts\/249955","targetHints":{"allow":["GET"]}}],"collection":[{"href":"https:\/\/ucnoqta.az\/index.php?rest_route=\/wp\/v2\/posts"}],"about":[{"href":"https:\/\/ucnoqta.az\/index.php?rest_route=\/wp\/v2\/types\/post"}],"author":[{"embeddable":true,"href":"https:\/\/ucnoqta.az\/index.php?rest_route=\/wp\/v2\/users\/2"}],"replies":[{"embeddable":true,"href":"https:\/\/ucnoqta.az\/index.php?rest_route=%2Fwp%2Fv2%2Fcomments&post=249955"}],"version-history":[{"count":0,"href":"https:\/\/ucnoqta.az\/index.php?rest_route=\/wp\/v2\/posts\/249955\/revisions"}],"wp:featuredmedia":[{"embeddable":true,"href":"https:\/\/ucnoqta.az\/index.php?rest_route=\/wp\/v2\/media\/249957"}],"wp:attachment":[{"href":"https:\/\/ucnoqta.az\/index.php?rest_route=%2Fwp%2Fv2%2Fmedia&parent=249955"}],"wp:term":[{"taxonomy":"category","embeddable":true,"href":"https:\/\/ucnoqta.az\/index.php?rest_route=%2Fwp%2Fv2%2Fcategories&post=249955"},{"taxonomy":"post_tag","embeddable":true,"href":"https:\/\/ucnoqta.az\/index.php?rest_route=%2Fwp%2Fv2%2Ftags&post=249955"}],"curies":[{"name":"wp","href":"https:\/\/api.w.org\/{rel}","templated":true}]}}