{"id":249946,"date":"2026-07-17T15:12:45","date_gmt":"2026-07-17T11:12:45","guid":{"rendered":"https:\/\/ucnoqta.az\/?p=249946"},"modified":"2026-07-17T15:12:45","modified_gmt":"2026-07-17T11:12:45","slug":"bas-prokuror-samuxda-v%c9%99t%c9%99ndaslari-q%c9%99bul-edib","status":"publish","type":"post","link":"https:\/\/ucnoqta.az\/?p=249946","title":{"rendered":"Ba\u015f prokuror Samuxda v\u0259t\u0259nda\u015flar\u0131 q\u0259bul edib"},"content":{"rendered":"<p><strong>\u0130yulun 17-d\u0259 Ba\u015f prokuror Kamran \u018fliyev Samux rayon prokurorlu\u011funun inzibati binas\u0131nda Samux, G\u00f6yg\u00f6l v\u0259 Da\u015fk\u0259s\u0259n rayonundan olan v\u0259t\u0259nda\u015flar\u0131 q\u0259bul edib.<\/strong><\/p>\n<p>Ba\u015f Prokurorlu\u011fun M\u0259tbuat xidm\u0259tind\u0259n Ucnoqta.az-a veril\u0259n m\u0259lumata g\u00f6r\u0259, q\u0259buldan \u0259vv\u0259l Ba\u015f prokuror \u00dcmummilli Lider Heyd\u0259r \u018fliyevin rayonun m\u0259rk\u0259zind\u0259 ucald\u0131lm\u0131\u015f abid\u0259sini ziyar\u0259t ed\u0259r\u0259k \u0259ziz xatir\u0259sini ehtiramla yad edib.<\/p>\n<p>Q\u0259bulda i\u015ftirak ed\u0259n 26 n\u0259f\u0259r v\u0259t\u0259nda\u015f\u0131n m\u00fcraci\u0259tind\u0259 konkret cinay\u0259t i\u015fl\u0259rinin istintaq\u0131, t\u00f6r\u0259dilmi\u015f cinay\u0259tl\u0259r bar\u0259d\u0259 m\u0259lumatlar\u0131n ara\u015fd\u0131r\u0131lmas\u0131 zaman\u0131 yol verilmi\u015f qanun pozuntular\u0131 v\u0259 m\u0259hk\u0259m\u0259d\u0259 bax\u0131lan cinay\u0259t i\u015fl\u0259ri \u00fczr\u0259 d\u00f6vl\u0259t ittiham\u0131n\u0131n m\u00fcdafi\u0259sin\u0259 dair m\u0259s\u0259l\u0259l\u0259rin bilavasit\u0259 prokurorluqda v\u0259 ya aidiyy\u0259ti icra orqanlar\u0131nda operativ h\u0259lli \u00fc\u00e7\u00fcn m\u00fcvafiq g\u00f6st\u0259ri\u015fl\u0259r verilib.<\/p>\n","protected":false},"excerpt":{"rendered":"<p>\u0130yulun 17-d\u0259 Ba\u015f prokuror Kamran \u018fliyev Samux rayon prokurorlu\u011funun inzibati binas\u0131nda Samux, G\u00f6yg\u00f6l v\u0259 Da\u015fk\u0259s\u0259n rayonundan olan v\u0259t\u0259nda\u015flar\u0131 q\u0259bul edib. Ba\u015f Prokurorlu\u011fun M\u0259tbuat xidm\u0259tind\u0259n Ucnoqta.az-a veril\u0259n m\u0259lumata g\u00f6r\u0259, q\u0259buldan \u0259vv\u0259l&hellip;<\/p>\n","protected":false},"author":2,"featured_media":249947,"comment_status":"closed","ping_status":"closed","sticky":false,"template":"","format":"standard","meta":{"_lmt_disableupdate":"","_lmt_disable":"","footnotes":""},"categories":[101],"tags":[],"class_list":["post-249946","post","type-post","status-publish","format-standard","has-post-thumbnail","hentry","category-cemiyyet"],"_links":{"self":[{"href":"https:\/\/ucnoqta.az\/index.php?rest_route=\/wp\/v2\/posts\/249946","targetHints":{"allow":["GET"]}}],"collection":[{"href":"https:\/\/ucnoqta.az\/index.php?rest_route=\/wp\/v2\/posts"}],"about":[{"href":"https:\/\/ucnoqta.az\/index.php?rest_route=\/wp\/v2\/types\/post"}],"author":[{"embeddable":true,"href":"https:\/\/ucnoqta.az\/index.php?rest_route=\/wp\/v2\/users\/2"}],"replies":[{"embeddable":true,"href":"https:\/\/ucnoqta.az\/index.php?rest_route=%2Fwp%2Fv2%2Fcomments&post=249946"}],"version-history":[{"count":0,"href":"https:\/\/ucnoqta.az\/index.php?rest_route=\/wp\/v2\/posts\/249946\/revisions"}],"wp:featuredmedia":[{"embeddable":true,"href":"https:\/\/ucnoqta.az\/index.php?rest_route=\/wp\/v2\/media\/249947"}],"wp:attachment":[{"href":"https:\/\/ucnoqta.az\/index.php?rest_route=%2Fwp%2Fv2%2Fmedia&parent=249946"}],"wp:term":[{"taxonomy":"category","embeddable":true,"href":"https:\/\/ucnoqta.az\/index.php?rest_route=%2Fwp%2Fv2%2Fcategories&post=249946"},{"taxonomy":"post_tag","embeddable":true,"href":"https:\/\/ucnoqta.az\/index.php?rest_route=%2Fwp%2Fv2%2Ftags&post=249946"}],"curies":[{"name":"wp","href":"https:\/\/api.w.org\/{rel}","templated":true}]}}