{"id":249930,"date":"2026-07-17T14:24:02","date_gmt":"2026-07-17T10:24:02","guid":{"rendered":"https:\/\/ucnoqta.az\/?p=249930"},"modified":"2026-07-17T14:24:02","modified_gmt":"2026-07-17T10:24:02","slug":"si-cinpin-bmt-nin-bas-katibi-il%c9%99-gorusub","status":"publish","type":"post","link":"https:\/\/ucnoqta.az\/?p=249930","title":{"rendered":"Si Cinpin BMT-nin Ba\u015f katibi il\u0259 g\u00f6r\u00fc\u015f\u00fcb"},"content":{"rendered":"<p><strong>\u00c7in Prezidenti Si Cinpin BMT-nin Ba\u015f katibi Antonio Quterre\u015f il\u0259 g\u00f6r\u00fc\u015f\u00fcb.<\/strong><\/p>\n<div><\/div>\n<p><a href=\"https:\/\/ucnoqta.az\/news\/246824\/\">Ucnoqta.az<\/a>\u00a0bildirir ki, bu bar\u0259d\u0259 Sinxua x\u0259b\u0259r agentliyi m\u0259lumat verib.<\/p>\n<p>G\u00f6r\u00fc\u015f S\u00fcni \u0130ntellekt (S\u0130) \u00fczr\u0259 \u00dcmumd\u00fcnya Konfrans\u0131n\u0131n ke\u00e7irildiyi \u015eanxayda ba\u015f tutub. \u0130yulun 16-da Rusiyan\u0131n R\u0259q\u0259msal \u0130nki\u015faf, Rabit\u0259 v\u0259 K\u00fctl\u0259vi Media naziri Maksut \u015eadayev d\u0259 daxil olmaqla 29 \u00f6lk\u0259nin n\u00fcmay\u0259nd\u0259si D\u00fcnya S\u0130 \u018fm\u0259kda\u015fl\u0131q T\u0259\u015fkilat\u0131n\u0131n yarad\u0131lmas\u0131 haqq\u0131nda sazi\u015f imzalay\u0131b.<\/p>\n","protected":false},"excerpt":{"rendered":"<p>\u00c7in Prezidenti Si Cinpin BMT-nin Ba\u015f katibi Antonio Quterre\u015f il\u0259 g\u00f6r\u00fc\u015f\u00fcb. Ucnoqta.az\u00a0bildirir ki, bu bar\u0259d\u0259 Sinxua x\u0259b\u0259r agentliyi m\u0259lumat verib. G\u00f6r\u00fc\u015f S\u00fcni \u0130ntellekt (S\u0130) \u00fczr\u0259 \u00dcmumd\u00fcnya Konfrans\u0131n\u0131n ke\u00e7irildiyi \u015eanxayda ba\u015f&hellip;<\/p>\n","protected":false},"author":2,"featured_media":249931,"comment_status":"closed","ping_status":"closed","sticky":false,"template":"","format":"standard","meta":{"_lmt_disableupdate":"","_lmt_disable":"","footnotes":""},"categories":[89],"tags":[],"class_list":["post-249930","post","type-post","status-publish","format-standard","has-post-thumbnail","hentry","category-dunya-butun-xeberler"],"_links":{"self":[{"href":"https:\/\/ucnoqta.az\/index.php?rest_route=\/wp\/v2\/posts\/249930","targetHints":{"allow":["GET"]}}],"collection":[{"href":"https:\/\/ucnoqta.az\/index.php?rest_route=\/wp\/v2\/posts"}],"about":[{"href":"https:\/\/ucnoqta.az\/index.php?rest_route=\/wp\/v2\/types\/post"}],"author":[{"embeddable":true,"href":"https:\/\/ucnoqta.az\/index.php?rest_route=\/wp\/v2\/users\/2"}],"replies":[{"embeddable":true,"href":"https:\/\/ucnoqta.az\/index.php?rest_route=%2Fwp%2Fv2%2Fcomments&post=249930"}],"version-history":[{"count":0,"href":"https:\/\/ucnoqta.az\/index.php?rest_route=\/wp\/v2\/posts\/249930\/revisions"}],"wp:featuredmedia":[{"embeddable":true,"href":"https:\/\/ucnoqta.az\/index.php?rest_route=\/wp\/v2\/media\/249931"}],"wp:attachment":[{"href":"https:\/\/ucnoqta.az\/index.php?rest_route=%2Fwp%2Fv2%2Fmedia&parent=249930"}],"wp:term":[{"taxonomy":"category","embeddable":true,"href":"https:\/\/ucnoqta.az\/index.php?rest_route=%2Fwp%2Fv2%2Fcategories&post=249930"},{"taxonomy":"post_tag","embeddable":true,"href":"https:\/\/ucnoqta.az\/index.php?rest_route=%2Fwp%2Fv2%2Ftags&post=249930"}],"curies":[{"name":"wp","href":"https:\/\/api.w.org\/{rel}","templated":true}]}}