{"id":249897,"date":"2026-07-17T11:58:41","date_gmt":"2026-07-17T07:58:41","guid":{"rendered":"https:\/\/ucnoqta.az\/?p=249897"},"modified":"2026-07-17T11:58:41","modified_gmt":"2026-07-17T07:58:41","slug":"samir-s%c9%99rifova-yeni-v%c9%99zif%c9%99-verildi","status":"publish","type":"post","link":"https:\/\/ucnoqta.az\/?p=249897","title":{"rendered":"Samir \u015e\u0259rifova yeni v\u0259zif\u0259 verildi"},"content":{"rendered":"<p><strong>X\u0259b\u0259r verdiyimiz kimi, \u0259halinin siyah\u0131yaal\u0131nmas\u0131na haz\u0131rl\u0131q v\u0259 onun ke\u00e7irilm\u0259si il\u0259 ba\u011fl\u0131 m\u0259rk\u0259zi v\u0259 yerli icra hakimiyy\u0259ti orqanlar\u0131n\u0131n, idar\u0259, m\u00fc\u0259ssis\u0259 v\u0259 t\u0259\u015fkilatlar\u0131n f\u0259aliyy\u0259tinin \u0259laq\u0259l\u0259ndirilm\u0259sim\u0259qs\u0259dil\u0259 Nazirl\u0259r Kabinetinin q\u0259rar\u0131 il\u0259 \u0259halinin siyah\u0131yaal\u0131nmas\u0131na yard\u0131m \u00fczr\u0259 M\u0259rk\u0259zi Komissiya yarad\u0131lacaq.<\/strong><\/p>\n<p><a href=\"https:\/\/ucnoqta.az\/news\/246817\/\">Ucnoqta.az<\/a>\u00a0x\u0259b\u0259r verir ki, bunu Ba\u015f nazir \u018fli \u018fs\u0259dov Nazirl\u0259r Kabinetinin Az\u0259rbaycan Respublikas\u0131nda \u0259halinin n\u00f6vb\u0259ti siyah\u0131yaal\u0131nmas\u0131n\u0131n ke\u00e7irilm\u0259si il\u0259 ba\u011fl\u0131 m\u0259s\u0259l\u0259l\u0259r\u0259 h\u0259sr olunmu\u015f iclas\u0131nda deyib.<\/p>\n<p>Ba\u015f nazir bildirib ki, Komissiyan\u0131n s\u0259dri qismind\u0259 t\u0259r\u0259fimd\u0259n Ba\u015f nazirin m\u00fcavini Samir \u015e\u0259rifov m\u00fc\u0259yy\u0259n edilib.<\/p>\n","protected":false},"excerpt":{"rendered":"<p>X\u0259b\u0259r verdiyimiz kimi, \u0259halinin siyah\u0131yaal\u0131nmas\u0131na haz\u0131rl\u0131q v\u0259 onun ke\u00e7irilm\u0259si il\u0259 ba\u011fl\u0131 m\u0259rk\u0259zi v\u0259 yerli icra hakimiyy\u0259ti orqanlar\u0131n\u0131n, idar\u0259, m\u00fc\u0259ssis\u0259 v\u0259 t\u0259\u015fkilatlar\u0131n f\u0259aliyy\u0259tinin \u0259laq\u0259l\u0259ndirilm\u0259sim\u0259qs\u0259dil\u0259 Nazirl\u0259r Kabinetinin q\u0259rar\u0131 il\u0259 \u0259halinin siyah\u0131yaal\u0131nmas\u0131na yard\u0131m&hellip;<\/p>\n","protected":false},"author":2,"featured_media":249898,"comment_status":"closed","ping_status":"closed","sticky":false,"template":"","format":"standard","meta":{"_lmt_disableupdate":"","_lmt_disable":"","footnotes":""},"categories":[91],"tags":[],"class_list":["post-249897","post","type-post","status-publish","format-standard","has-post-thumbnail","hentry","category-olkeici"],"_links":{"self":[{"href":"https:\/\/ucnoqta.az\/index.php?rest_route=\/wp\/v2\/posts\/249897","targetHints":{"allow":["GET"]}}],"collection":[{"href":"https:\/\/ucnoqta.az\/index.php?rest_route=\/wp\/v2\/posts"}],"about":[{"href":"https:\/\/ucnoqta.az\/index.php?rest_route=\/wp\/v2\/types\/post"}],"author":[{"embeddable":true,"href":"https:\/\/ucnoqta.az\/index.php?rest_route=\/wp\/v2\/users\/2"}],"replies":[{"embeddable":true,"href":"https:\/\/ucnoqta.az\/index.php?rest_route=%2Fwp%2Fv2%2Fcomments&post=249897"}],"version-history":[{"count":0,"href":"https:\/\/ucnoqta.az\/index.php?rest_route=\/wp\/v2\/posts\/249897\/revisions"}],"wp:featuredmedia":[{"embeddable":true,"href":"https:\/\/ucnoqta.az\/index.php?rest_route=\/wp\/v2\/media\/249898"}],"wp:attachment":[{"href":"https:\/\/ucnoqta.az\/index.php?rest_route=%2Fwp%2Fv2%2Fmedia&parent=249897"}],"wp:term":[{"taxonomy":"category","embeddable":true,"href":"https:\/\/ucnoqta.az\/index.php?rest_route=%2Fwp%2Fv2%2Fcategories&post=249897"},{"taxonomy":"post_tag","embeddable":true,"href":"https:\/\/ucnoqta.az\/index.php?rest_route=%2Fwp%2Fv2%2Ftags&post=249897"}],"curies":[{"name":"wp","href":"https:\/\/api.w.org\/{rel}","templated":true}]}}