{"id":249884,"date":"2026-07-17T11:25:05","date_gmt":"2026-07-17T07:25:05","guid":{"rendered":"https:\/\/ucnoqta.az\/?p=249884"},"modified":"2026-07-17T14:40:55","modified_gmt":"2026-07-17T10:40:55","slug":"ilham-eliyev-braziliyanin-yeni-s%c9%99firinin-etimadnam%c9%99sini-q%c9%99bul-edib-foto","status":"publish","type":"post","link":"https:\/\/ucnoqta.az\/?p=249884","title":{"rendered":"\u0130lham \u018fliyev Braziliyan\u0131n yeni s\u0259firinin etimadnam\u0259sini q\u0259bul edib &#8211; FOTO"},"content":{"rendered":"<article class=\"news-article\"><strong>Az\u0259rbaycan Respublikas\u0131n\u0131n Prezidenti \u0130lham \u018fliyev iyulun 17-d\u0259 Braziliya Federativ Respublikas\u0131n\u0131n \u00f6lk\u0259mizd\u0259 yeni t\u0259yin olunmu\u015f f\u00f6vq\u0259lad\u0259 v\u0259 s\u0259lahiyy\u0259tli s\u0259firi Bernard Jorj Leopold de Qarsia Klinqli q\u0259bul edib.<\/strong><\/p>\n<div><\/div>\n<p><a href=\"https:\/\/ucnoqta.az\/news\/246813\/\">Ucnoqta.az<\/a>\u00a0x\u0259b\u0259r verir ki, s\u0259fir etimadnam\u0259sini d\u00f6vl\u0259timizin ba\u015f\u00e7\u0131s\u0131na t\u0259qdim etdi.<\/p>\n<p>Prezident \u0130lham \u018fliyev s\u0259firl\u0259 s\u00f6hb\u0259t etdi.<\/p>\n<p>D\u00f6vl\u0259timizin ba\u015f\u00e7\u0131s\u0131 ikit\u0259r\u0259fli m\u00fcnasib\u0259tl\u0259rimizin inki\u015faf\u0131ndan m\u0259mnunlu\u011funu bildir\u0259r\u0259k, siyasi, iqtisadi-ticari, s\u0259rmay\u0259l\u0259r, turizm sah\u0259l\u0259rind\u0259 \u0259m\u0259kda\u015fl\u0131\u011f\u0131n geni\u015fl\u0259ndirilm\u0259sinin v\u0259 m\u00fcxt\u0259lif s\u0259viyy\u0259l\u0259rd\u0259 t\u0259maslar\u0131n art\u0131r\u0131lmas\u0131n\u0131n \u0259h\u0259miyy\u0259tini vur\u011fulad\u0131.<\/p>\n<p>Prezident \u0130lham \u018fliyev s\u0259fir\u0259 f\u0259aliyy\u0259tind\u0259 u\u011furlar arzulad\u0131, onun f\u0259aliyy\u0259tinin Az\u0259rbaycan-Braziliya \u0259laq\u0259l\u0259rinin inki\u015faf\u0131na t\u00f6hf\u0259 ver\u0259c\u0259yin\u0259 \u00fcmidvarl\u0131\u011f\u0131n\u0131 bildirdi.<\/p>\n<p>\u00d6lk\u0259miz\u0259 s\u0259fir t\u0259yin olunmas\u0131ndan v\u0259 d\u00f6vl\u0259timizin ba\u015f\u00e7\u0131s\u0131 il\u0259 g\u00f6r\u00fc\u015fd\u0259n \u015f\u0259r\u0259f hissi duydu\u011funu dey\u0259n Bernard Jorj Leopold de Qarsia Klinql diplomatik \u0259laq\u0259l\u0259rimizin y\u00fcks\u0259k s\u0259viyy\u0259d\u0259 oldu\u011funu qeyd etdi.<\/p>\n<p>S\u0259fir Az\u0259rbaycan\u0131n v\u0259 Braziliyan\u0131n COP sah\u0259sind\u0259 d\u0259 u\u011furlu \u0259m\u0259kda\u015fl\u0131q etdikl\u0259rini vur\u011fulad\u0131.<\/p>\n<p>Bernard Jorj Leopold de Qarsia Klinql s\u0259fir kimi ikit\u0259r\u0259fli m\u00fcnasib\u0259tl\u0259rimizin geni\u015fl\u0259ndirilm\u0259sin\u0259 t\u00f6hf\u0259 ver\u0259c\u0259yini dedi.<\/p>\n<p>G\u00f6r\u00fc\u015fd\u0259 Az\u0259rbaycanla Braziliya aras\u0131nda beyn\u0259lxalq t\u0259\u015fkilatlar \u00e7\u0259r\u00e7iv\u0259sind\u0259 \u0259m\u0259kda\u015fl\u0131\u011f\u0131n u\u011furla apar\u0131ld\u0131\u011f\u0131 qeyd edildi, h\u0259r iki d\u00f6vl\u0259tin \u00e7oxt\u0259r\u0259fli diplomatiyan\u0131 d\u0259st\u0259kl\u0259diyi x\u00fcsusil\u0259 vur\u011fuland\u0131.<\/p>\n<div data-sliderid=\"19067\" id=\"penci-post-gallery__19067\" class=\"penci-post-gallery-container justified column-3\" data-height=\"150\" data-margin=\"3\"><a class=\"penci-gallery-ite item-gallery-justified\" href=\"https:\/\/ucnoqta.az\/wp-content\/uploads\/2026\/07\/a2.jpg\" data-rel=\"penci-gallery-image-content\" ><img decoding=\"async\" src=\"https:\/\/ucnoqta.az\/wp-content\/uploads\/2026\/07\/a2-585x379.jpg\" alt=\"\" title=\"a2\"><\/a><a class=\"penci-gallery-ite item-gallery-justified\" href=\"https:\/\/ucnoqta.az\/wp-content\/uploads\/2026\/07\/a1.jpg\" data-rel=\"penci-gallery-image-content\" ><img decoding=\"async\" src=\"https:\/\/ucnoqta.az\/wp-content\/uploads\/2026\/07\/a1-585x390.jpg\" alt=\"\" title=\"a1\"><\/a><a class=\"penci-gallery-ite item-gallery-justified\" href=\"https:\/\/ucnoqta.az\/wp-content\/uploads\/2026\/07\/a3.jpg\" data-rel=\"penci-gallery-image-content\" ><img decoding=\"async\" src=\"https:\/\/ucnoqta.az\/wp-content\/uploads\/2026\/07\/a3-585x388.jpg\" alt=\"\" title=\"a3\"><\/a><\/div>\n<\/article>\n<div class=\"news-block\">\n<div class=\"row\">\n<div class=\"col-6 col-lg-3\">\n<div class=\"gallery-list\"><\/div>\n<\/div>\n<div class=\"col-6 col-lg-3\">\n<div class=\"gallery-list\"><\/div>\n<\/div>\n<\/div>\n<\/div>\n","protected":false},"excerpt":{"rendered":"<p>Az\u0259rbaycan Respublikas\u0131n\u0131n Prezidenti \u0130lham \u018fliyev iyulun 17-d\u0259 Braziliya Federativ Respublikas\u0131n\u0131n \u00f6lk\u0259mizd\u0259 yeni t\u0259yin olunmu\u015f f\u00f6vq\u0259lad\u0259 v\u0259 s\u0259lahiyy\u0259tli s\u0259firi Bernard Jorj Leopold de Qarsia Klinqli q\u0259bul edib. Ucnoqta.az\u00a0x\u0259b\u0259r verir ki, s\u0259fir&hellip;<\/p>\n","protected":false},"author":2,"featured_media":249886,"comment_status":"closed","ping_status":"closed","sticky":false,"template":"","format":"gallery","meta":{"_lmt_disableupdate":"no","_lmt_disable":"","footnotes":""},"categories":[34],"tags":[],"class_list":["post-249884","post","type-post","status-publish","format-gallery","has-post-thumbnail","hentry","category-butun-xeberler","post_format-post-format-gallery"],"_links":{"self":[{"href":"https:\/\/ucnoqta.az\/index.php?rest_route=\/wp\/v2\/posts\/249884","targetHints":{"allow":["GET"]}}],"collection":[{"href":"https:\/\/ucnoqta.az\/index.php?rest_route=\/wp\/v2\/posts"}],"about":[{"href":"https:\/\/ucnoqta.az\/index.php?rest_route=\/wp\/v2\/types\/post"}],"author":[{"embeddable":true,"href":"https:\/\/ucnoqta.az\/index.php?rest_route=\/wp\/v2\/users\/2"}],"replies":[{"embeddable":true,"href":"https:\/\/ucnoqta.az\/index.php?rest_route=%2Fwp%2Fv2%2Fcomments&post=249884"}],"version-history":[{"count":0,"href":"https:\/\/ucnoqta.az\/index.php?rest_route=\/wp\/v2\/posts\/249884\/revisions"}],"wp:featuredmedia":[{"embeddable":true,"href":"https:\/\/ucnoqta.az\/index.php?rest_route=\/wp\/v2\/media\/249886"}],"wp:attachment":[{"href":"https:\/\/ucnoqta.az\/index.php?rest_route=%2Fwp%2Fv2%2Fmedia&parent=249884"}],"wp:term":[{"taxonomy":"category","embeddable":true,"href":"https:\/\/ucnoqta.az\/index.php?rest_route=%2Fwp%2Fv2%2Fcategories&post=249884"},{"taxonomy":"post_tag","embeddable":true,"href":"https:\/\/ucnoqta.az\/index.php?rest_route=%2Fwp%2Fv2%2Ftags&post=249884"}],"curies":[{"name":"wp","href":"https:\/\/api.w.org\/{rel}","templated":true}]}}