{"id":249881,"date":"2026-07-17T11:04:29","date_gmt":"2026-07-17T07:04:29","guid":{"rendered":"https:\/\/ucnoqta.az\/?p=249881"},"modified":"2026-07-17T11:04:29","modified_gmt":"2026-07-17T07:04:29","slug":"az%c9%99rbaycan-litva-%c9%99laq%c9%99l%c9%99ri-muzakir%c9%99-edildi","status":"publish","type":"post","link":"https:\/\/ucnoqta.az\/?p=249881","title":{"rendered":"Az\u0259rbaycan-Litva \u0259laq\u0259l\u0259ri m\u00fczakir\u0259 edildi"},"content":{"rendered":"<p><strong>Az\u0259rbaycan Prezidentinin k\u00f6m\u0259k\u00e7isi \u2013 Prezident Administrasiyas\u0131n\u0131n Xarici siyas\u0259t m\u0259s\u0259l\u0259l\u0259ri \u015f\u00f6b\u0259sinin m\u00fcdiri Hikm\u0259t Hac\u0131yev Litva s\u0259firi Kestutis Va\u015fkelevi\u00e7usla g\u00f6r\u00fc\u015f\u00fcb.<\/strong><\/p>\n<div><\/div>\n<p><a href=\"https:\/\/ucnoqta.az\/news\/246811\/\">Ucnoqta.az<\/a>\u00a0x\u0259b\u0259r verir ki, bu bar\u0259d\u0259 s\u0259fir sosial \u015f\u0259b\u0259k\u0259 hesab\u0131nda bildirib.<\/p>\n<p>Diplomat\u0131n s\u00f6zl\u0259rin\u0259 g\u00f6r\u0259, t\u0259r\u0259fl\u0259r \u00f6lk\u0259l\u0259r aras\u0131nda qar\u015f\u0131l\u0131ql\u0131 \u0259laq\u0259l\u0259ri, region v\u0259 Avropan\u0131n t\u0259hl\u00fck\u0259sizliyi, eyni zamanda, Litvan\u0131n Avropa \u0130ttifaq\u0131nda qar\u015f\u0131dan g\u0259l\u0259n prezidentliyini m\u00fczakir\u0259 edibl\u0259r.<\/p>\n<p>\u201cLitva-Az\u0259rbaycan \u0259m\u0259kda\u015fl\u0131\u011f\u0131n\u0131n g\u00fccl\u0259ndirilm\u0259si \u00fc\u00e7\u00fcn can at\u0131r\u0131q\u201d, &#8211; s\u0259fir qeyd edib.<\/p>\n","protected":false},"excerpt":{"rendered":"<p>Az\u0259rbaycan Prezidentinin k\u00f6m\u0259k\u00e7isi \u2013 Prezident Administrasiyas\u0131n\u0131n Xarici siyas\u0259t m\u0259s\u0259l\u0259l\u0259ri \u015f\u00f6b\u0259sinin m\u00fcdiri Hikm\u0259t Hac\u0131yev Litva s\u0259firi Kestutis Va\u015fkelevi\u00e7usla g\u00f6r\u00fc\u015f\u00fcb. Ucnoqta.az\u00a0x\u0259b\u0259r verir ki, bu bar\u0259d\u0259 s\u0259fir sosial \u015f\u0259b\u0259k\u0259 hesab\u0131nda bildirib. Diplomat\u0131n s\u00f6zl\u0259rin\u0259&hellip;<\/p>\n","protected":false},"author":2,"featured_media":249882,"comment_status":"closed","ping_status":"closed","sticky":false,"template":"","format":"standard","meta":{"_lmt_disableupdate":"","_lmt_disable":"","footnotes":""},"categories":[86],"tags":[],"class_list":["post-249881","post","type-post","status-publish","format-standard","has-post-thumbnail","hentry","category-siyaset"],"_links":{"self":[{"href":"https:\/\/ucnoqta.az\/index.php?rest_route=\/wp\/v2\/posts\/249881","targetHints":{"allow":["GET"]}}],"collection":[{"href":"https:\/\/ucnoqta.az\/index.php?rest_route=\/wp\/v2\/posts"}],"about":[{"href":"https:\/\/ucnoqta.az\/index.php?rest_route=\/wp\/v2\/types\/post"}],"author":[{"embeddable":true,"href":"https:\/\/ucnoqta.az\/index.php?rest_route=\/wp\/v2\/users\/2"}],"replies":[{"embeddable":true,"href":"https:\/\/ucnoqta.az\/index.php?rest_route=%2Fwp%2Fv2%2Fcomments&post=249881"}],"version-history":[{"count":0,"href":"https:\/\/ucnoqta.az\/index.php?rest_route=\/wp\/v2\/posts\/249881\/revisions"}],"wp:featuredmedia":[{"embeddable":true,"href":"https:\/\/ucnoqta.az\/index.php?rest_route=\/wp\/v2\/media\/249882"}],"wp:attachment":[{"href":"https:\/\/ucnoqta.az\/index.php?rest_route=%2Fwp%2Fv2%2Fmedia&parent=249881"}],"wp:term":[{"taxonomy":"category","embeddable":true,"href":"https:\/\/ucnoqta.az\/index.php?rest_route=%2Fwp%2Fv2%2Fcategories&post=249881"},{"taxonomy":"post_tag","embeddable":true,"href":"https:\/\/ucnoqta.az\/index.php?rest_route=%2Fwp%2Fv2%2Ftags&post=249881"}],"curies":[{"name":"wp","href":"https:\/\/api.w.org\/{rel}","templated":true}]}}