{"id":249870,"date":"2026-07-17T10:29:50","date_gmt":"2026-07-17T06:29:50","guid":{"rendered":"https:\/\/ucnoqta.az\/?p=249870"},"modified":"2026-07-17T10:29:50","modified_gmt":"2026-07-17T06:29:50","slug":"abs-v%c9%99-iran-d%c9%99rhal-at%c9%99sk%c9%99s%c9%99-cagrildi","status":"publish","type":"post","link":"https:\/\/ucnoqta.az\/?p=249870","title":{"rendered":"AB\u015e v\u0259 \u0130ran d\u0259rhal at\u0259\u015fk\u0259s\u0259 \u00e7a\u011fr\u0131ld\u0131"},"content":{"rendered":"<div class=\"news-details\">\n<article class=\"news-article\"><strong>\u00c7in v\u0259 Pakistan AB\u015e v\u0259 \u0130ran aras\u0131nda h\u0259rbi \u0259m\u0259liyyatlar\u0131n d\u0259rhal dayand\u0131r\u0131lmas\u0131na v\u0259 dan\u0131\u015f\u0131qlar\u0131n tezlikl\u0259 b\u0259rpa olunmas\u0131na \u00e7a\u011f\u0131r\u0131blar.<\/strong><\/p>\n<div><\/div>\n<p><a href=\"https:\/\/ucnoqta.az\/news\/246807\/\">Ucnoqta.az<\/a>\u00a0x\u0259b\u0259r verir ki, bu bar\u0259d\u0259 \u00c7in Xarici \u0130\u015fl\u0259r Nazirliyinin \u015eanxayda \u00c7in Xarici \u0130\u015fl\u0259r naziri Vanq Yi il\u0259 Pakistan Ba\u015f nazirinin m\u00fcavini v\u0259 xarici i\u015fl\u0259r naziri \u0130shaq Dar aras\u0131nda ke\u00e7iril\u0259n g\u00f6r\u00fc\u015fd\u0259n sonra verdiyi a\u00e7\u0131qlamada bildirilib.<\/p>\n<p>Qeyd olunur ki, t\u0259r\u0259fl\u0259r m\u00fcnaqi\u015f\u0259 t\u0259r\u0259fl\u0259rini h\u0259rbi \u0259m\u0259liyyatlar\u0131 d\u0259rhal dayand\u0131rma\u011fa, \u00e7\u0259tinlikl\u0259ri d\u0259f etm\u0259y\u0259, mane\u0259l\u0259ri aradan qald\u0131rma\u011fa, \u0259laq\u0259l\u0259ri v\u0259 dialoqu b\u0259rpa etm\u0259y\u0259 v\u0259 dan\u0131\u015f\u0131qlar yolu il\u0259 h\u0259rt\u0259r\u0259fli s\u00fclh sazi\u015fi ba\u011flama\u011fa \u00e7al\u0131\u015fma\u011fa \u00e7a\u011f\u0131rd\u0131lar.<\/p>\n<p>Vanq Yi AB\u015e v\u0259 \u0130ran aras\u0131nda \u0259ld\u0259 edil\u0259n anla\u015fma memorandumunun ilk m\u0259rh\u0259l\u0259d\u0259 asanl\u0131qla \u0259ld\u0259 edilm\u0259diyini vur\u011fulay\u0131b.<\/p>\n<p>\u00c7in Xarici \u0130\u015fl\u0259r naziri Pakistan\u0131n vasit\u0259\u00e7ilikd\u0259ki rolunu qeyd etdi v\u0259 Pekinin \u0130slamabad\u0131n s\u0259yl\u0259rini d\u0259st\u0259kl\u0259m\u0259y\u0259 davam ed\u0259c\u0259yini bildirdi. \u00d6z n\u00f6vb\u0259sind\u0259, Pakistan diplomat\u0131 at\u0259\u015fk\u0259s elan edilm\u0259sin\u0259 v\u0259 dan\u0131\u015f\u0131qlar\u0131n yenid\u0259n ba\u015flamas\u0131na k\u00f6m\u0259k etm\u0259y\u0259 davam etm\u0259y\u0259 haz\u0131r oldu\u011funu bildirdi.<\/p>\n<\/article>\n<div>\n<div class=\"uSocial-Share\" data-pid=\"782dbc7ff24b54a227e912a4a8d24e5e\" data-type=\"share\" data-options=\"round-rect,style1,default,absolute,horizontal,size32,eachCounter1,counter1,counter-after,nomobile,mobile_position_right\" data-social=\"fb,wa,telegram\" data-key=\"0\" data-url=\"https:\/\/ucnoqta.az\/news\/246807\/abs-ve-iran-derhal-ateskese-cagrildi?sec=newsline\">\n<div class=\"uscl-bar uscl-round-rect uscl-style1 uscl-default uscl-absolute uscl-horizontal uscl-size32 uscl-eachCounter1 uscl-counter1 uscl-counter-after uscl-nomobile uscl-mobile_position_right\">\n<div class=\"uscl-list\"><\/div>\n<\/div>\n<\/div>\n<\/div>\n<\/div>\n","protected":false},"excerpt":{"rendered":"<p>\u00c7in v\u0259 Pakistan AB\u015e v\u0259 \u0130ran aras\u0131nda h\u0259rbi \u0259m\u0259liyyatlar\u0131n d\u0259rhal dayand\u0131r\u0131lmas\u0131na v\u0259 dan\u0131\u015f\u0131qlar\u0131n tezlikl\u0259 b\u0259rpa olunmas\u0131na \u00e7a\u011f\u0131r\u0131blar. Ucnoqta.az\u00a0x\u0259b\u0259r verir ki, bu bar\u0259d\u0259 \u00c7in Xarici \u0130\u015fl\u0259r Nazirliyinin \u015eanxayda \u00c7in Xarici \u0130\u015fl\u0259r&hellip;<\/p>\n","protected":false},"author":2,"featured_media":249871,"comment_status":"closed","ping_status":"closed","sticky":false,"template":"","format":"standard","meta":{"_lmt_disableupdate":"","_lmt_disable":"","footnotes":""},"categories":[89,111],"tags":[],"class_list":["post-249870","post","type-post","status-publish","format-standard","has-post-thumbnail","hentry","category-dunya-butun-xeberler","category-manset"],"_links":{"self":[{"href":"https:\/\/ucnoqta.az\/index.php?rest_route=\/wp\/v2\/posts\/249870","targetHints":{"allow":["GET"]}}],"collection":[{"href":"https:\/\/ucnoqta.az\/index.php?rest_route=\/wp\/v2\/posts"}],"about":[{"href":"https:\/\/ucnoqta.az\/index.php?rest_route=\/wp\/v2\/types\/post"}],"author":[{"embeddable":true,"href":"https:\/\/ucnoqta.az\/index.php?rest_route=\/wp\/v2\/users\/2"}],"replies":[{"embeddable":true,"href":"https:\/\/ucnoqta.az\/index.php?rest_route=%2Fwp%2Fv2%2Fcomments&post=249870"}],"version-history":[{"count":0,"href":"https:\/\/ucnoqta.az\/index.php?rest_route=\/wp\/v2\/posts\/249870\/revisions"}],"wp:featuredmedia":[{"embeddable":true,"href":"https:\/\/ucnoqta.az\/index.php?rest_route=\/wp\/v2\/media\/249871"}],"wp:attachment":[{"href":"https:\/\/ucnoqta.az\/index.php?rest_route=%2Fwp%2Fv2%2Fmedia&parent=249870"}],"wp:term":[{"taxonomy":"category","embeddable":true,"href":"https:\/\/ucnoqta.az\/index.php?rest_route=%2Fwp%2Fv2%2Fcategories&post=249870"},{"taxonomy":"post_tag","embeddable":true,"href":"https:\/\/ucnoqta.az\/index.php?rest_route=%2Fwp%2Fv2%2Ftags&post=249870"}],"curies":[{"name":"wp","href":"https:\/\/api.w.org\/{rel}","templated":true}]}}