{"id":249822,"date":"2026-07-17T00:01:12","date_gmt":"2026-07-16T20:01:12","guid":{"rendered":"https:\/\/ucnoqta.az\/?p=249822"},"modified":"2026-07-17T00:01:12","modified_gmt":"2026-07-16T20:01:12","slug":"zelenski-kiyev-h%c9%99rbi-administrasiyasinin-r%c9%99hb%c9%99rini-v%c9%99zif%c9%99sind%c9%99n-azad-etdi","status":"publish","type":"post","link":"https:\/\/ucnoqta.az\/?p=249822","title":{"rendered":"Zelenski Kiyev h\u0259rbi administrasiyas\u0131n\u0131n r\u0259hb\u0259rini v\u0259zif\u0259sind\u0259n azad etdi"},"content":{"rendered":"<p><strong>Ukrayna prezidenti Volodimir Zelenski Timur Tka\u00e7enkonun Kiyev \u015e\u0259h\u0259r H\u0259rbi Administrasiyas\u0131n\u0131n r\u0259hb\u0259ri v\u0259zif\u0259sind\u0259n azad edilm\u0259si bar\u0259d\u0259 f\u0259rman imzalay\u0131b.<\/strong><\/p>\n<p><a href=\"https:\/\/ucnoqta.az\/news\/246783\/\">Ucnoqta.az<\/a>\u00a0x\u0259b\u0259r verir ki, s\u0259n\u0259d Zelenskinin sayt\u0131nda d\u0259rc edilib.<\/p>\n<p>Tka\u00e7enko bu v\u0259zif\u0259ni 2024-c\u00fc ild\u0259n b\u0259ri tuturdu. Bundan \u0259vv\u0259l o, Kiyev \u015e\u0259h\u0259r Meriyas\u0131nda \u00e7al\u0131\u015f\u0131b v\u0259 ard\u0131c\u0131l olaraq strateji s\u0259naye nazirinin m\u00fcavini v\u0259 icma v\u0259 \u0259razi inki\u015faf\u0131 nazirinin m\u00fcavini v\u0259zif\u0259l\u0259rind\u0259 \u00e7al\u0131\u015f\u0131b.<\/p>\n<p>Ukrayna medias\u0131 Tka\u00e7enkonun istefas\u0131n\u0131 onun Zelenskinin uzun m\u00fcdd\u0259tdir m\u00fcnaqi\u015f\u0259si olan Kiyev meri Vitali Kli\u00e7koya kifay\u0259t q\u0259d\u0259r m\u00fcxalif\u0259t g\u00f6st\u0259rm\u0259m\u0259si il\u0259 \u0259laq\u0259l\u0259ndirir. Media orqanlar\u0131 ke\u00e7mi\u015f Ali Rada \u00fczv\u00fc Oleq Lya\u015fkonun bu v\u0259zif\u0259ni tuta bil\u0259c\u0259yini ehtimal edir.<\/p>\n","protected":false},"excerpt":{"rendered":"<p>Ukrayna prezidenti Volodimir Zelenski Timur Tka\u00e7enkonun Kiyev \u015e\u0259h\u0259r H\u0259rbi Administrasiyas\u0131n\u0131n r\u0259hb\u0259ri v\u0259zif\u0259sind\u0259n azad edilm\u0259si bar\u0259d\u0259 f\u0259rman imzalay\u0131b. Ucnoqta.az\u00a0x\u0259b\u0259r verir ki, s\u0259n\u0259d Zelenskinin sayt\u0131nda d\u0259rc edilib. Tka\u00e7enko bu v\u0259zif\u0259ni 2024-c\u00fc ild\u0259n&hellip;<\/p>\n","protected":false},"author":2,"featured_media":249823,"comment_status":"closed","ping_status":"closed","sticky":false,"template":"","format":"standard","meta":{"_lmt_disableupdate":"","_lmt_disable":"","footnotes":""},"categories":[100],"tags":[],"class_list":["post-249822","post","type-post","status-publish","format-standard","has-post-thumbnail","hentry","category-diger"],"_links":{"self":[{"href":"https:\/\/ucnoqta.az\/index.php?rest_route=\/wp\/v2\/posts\/249822","targetHints":{"allow":["GET"]}}],"collection":[{"href":"https:\/\/ucnoqta.az\/index.php?rest_route=\/wp\/v2\/posts"}],"about":[{"href":"https:\/\/ucnoqta.az\/index.php?rest_route=\/wp\/v2\/types\/post"}],"author":[{"embeddable":true,"href":"https:\/\/ucnoqta.az\/index.php?rest_route=\/wp\/v2\/users\/2"}],"replies":[{"embeddable":true,"href":"https:\/\/ucnoqta.az\/index.php?rest_route=%2Fwp%2Fv2%2Fcomments&post=249822"}],"version-history":[{"count":0,"href":"https:\/\/ucnoqta.az\/index.php?rest_route=\/wp\/v2\/posts\/249822\/revisions"}],"wp:featuredmedia":[{"embeddable":true,"href":"https:\/\/ucnoqta.az\/index.php?rest_route=\/wp\/v2\/media\/249823"}],"wp:attachment":[{"href":"https:\/\/ucnoqta.az\/index.php?rest_route=%2Fwp%2Fv2%2Fmedia&parent=249822"}],"wp:term":[{"taxonomy":"category","embeddable":true,"href":"https:\/\/ucnoqta.az\/index.php?rest_route=%2Fwp%2Fv2%2Fcategories&post=249822"},{"taxonomy":"post_tag","embeddable":true,"href":"https:\/\/ucnoqta.az\/index.php?rest_route=%2Fwp%2Fv2%2Ftags&post=249822"}],"curies":[{"name":"wp","href":"https:\/\/api.w.org\/{rel}","templated":true}]}}