{"id":249799,"date":"2026-07-16T15:57:47","date_gmt":"2026-07-16T11:57:47","guid":{"rendered":"https:\/\/ucnoqta.az\/?p=249799"},"modified":"2026-07-16T15:57:47","modified_gmt":"2026-07-16T11:57:47","slug":"rayonlarda-pensiyalarin-veril%c9%99c%c9%99yi-tarix-m%c9%99lum-oldu","status":"publish","type":"post","link":"https:\/\/ucnoqta.az\/?p=249799","title":{"rendered":"Rayonlarda pensiyalar\u0131n veril\u0259c\u0259yi tarix m\u0259lum oldu"},"content":{"rendered":"<p><strong>Rayonlarda pensiyalar\u0131n \u00f6d\u0259nil\u0259c\u0259yi tarix m\u0259lum olub.<\/strong><\/p>\n<p><a href=\"https:\/\/ucnoqta.az\/news\/246768\/\">Ucnoqta.az<\/a>-\u0131n \u0259ld\u0259 etdiyi m\u0259lumata g\u00f6r\u0259, \u018fm\u0259k v\u0259 \u018fhalinin Sosial M\u00fcdafi\u0259si Nazirliyinin tabeliyind\u0259 D\u00f6vl\u0259t Sosial M\u00fcdafi\u0259 Fondu t\u0259r\u0259find\u0259n iyul ay\u0131n\u0131n 22-d\u0259 respublika \u00fczr\u0259 pensiyalar\u0131n tam \u00f6d\u0259nilm\u0259si n\u0259z\u0259rd\u0259 tutulub.<\/p>\n<p>Qeyd ed\u0259k ki, h\u0259min g\u00fcn g\u00fcz\u0259\u015ftli \u015f\u0259rtl\u0259rl\u0259 pensiya h\u00fcququna malik \u015f\u0259xsl\u0259rin d\u0259 pensiyalar\u0131 \u00f6d\u0259nil\u0259c\u0259k.<\/p>\n<p>Xatr\u0131ladaq ki, Bak\u0131, Sumqay\u0131t \u015f\u0259h\u0259rl\u0259ri v\u0259 Ab\u015feron rayonunda ipensiyalar iyulun\u00a014-d\u0259 h\u0259yata ke\u00e7irilib.<\/p>\n","protected":false},"excerpt":{"rendered":"<p>Rayonlarda pensiyalar\u0131n \u00f6d\u0259nil\u0259c\u0259yi tarix m\u0259lum olub. Ucnoqta.az-\u0131n \u0259ld\u0259 etdiyi m\u0259lumata g\u00f6r\u0259, \u018fm\u0259k v\u0259 \u018fhalinin Sosial M\u00fcdafi\u0259si Nazirliyinin tabeliyind\u0259 D\u00f6vl\u0259t Sosial M\u00fcdafi\u0259 Fondu t\u0259r\u0259find\u0259n iyul ay\u0131n\u0131n 22-d\u0259 respublika \u00fczr\u0259 pensiyalar\u0131n tam&hellip;<\/p>\n","protected":false},"author":2,"featured_media":249800,"comment_status":"closed","ping_status":"closed","sticky":false,"template":"","format":"standard","meta":{"_lmt_disableupdate":"","_lmt_disable":"","footnotes":""},"categories":[111,91],"tags":[],"class_list":["post-249799","post","type-post","status-publish","format-standard","has-post-thumbnail","hentry","category-manset","category-olkeici"],"_links":{"self":[{"href":"https:\/\/ucnoqta.az\/index.php?rest_route=\/wp\/v2\/posts\/249799","targetHints":{"allow":["GET"]}}],"collection":[{"href":"https:\/\/ucnoqta.az\/index.php?rest_route=\/wp\/v2\/posts"}],"about":[{"href":"https:\/\/ucnoqta.az\/index.php?rest_route=\/wp\/v2\/types\/post"}],"author":[{"embeddable":true,"href":"https:\/\/ucnoqta.az\/index.php?rest_route=\/wp\/v2\/users\/2"}],"replies":[{"embeddable":true,"href":"https:\/\/ucnoqta.az\/index.php?rest_route=%2Fwp%2Fv2%2Fcomments&post=249799"}],"version-history":[{"count":0,"href":"https:\/\/ucnoqta.az\/index.php?rest_route=\/wp\/v2\/posts\/249799\/revisions"}],"wp:featuredmedia":[{"embeddable":true,"href":"https:\/\/ucnoqta.az\/index.php?rest_route=\/wp\/v2\/media\/249800"}],"wp:attachment":[{"href":"https:\/\/ucnoqta.az\/index.php?rest_route=%2Fwp%2Fv2%2Fmedia&parent=249799"}],"wp:term":[{"taxonomy":"category","embeddable":true,"href":"https:\/\/ucnoqta.az\/index.php?rest_route=%2Fwp%2Fv2%2Fcategories&post=249799"},{"taxonomy":"post_tag","embeddable":true,"href":"https:\/\/ucnoqta.az\/index.php?rest_route=%2Fwp%2Fv2%2Ftags&post=249799"}],"curies":[{"name":"wp","href":"https:\/\/api.w.org\/{rel}","templated":true}]}}