{"id":249782,"date":"2026-07-16T13:20:44","date_gmt":"2026-07-16T09:20:44","guid":{"rendered":"https:\/\/ucnoqta.az\/?p=249782"},"modified":"2026-07-16T13:21:14","modified_gmt":"2026-07-16T09:21:14","slug":"messi-iddialara-cavb-verdi","status":"publish","type":"post","link":"https:\/\/ucnoqta.az\/?p=249782","title":{"rendered":"Messi iddialara cavab verdi"},"content":{"rendered":"<p><strong>Argentina kapitan\u0131 Lionel Messi 2026-c\u0131 il D\u00fcnya Kuboku yar\u0131mfinal\u0131ndan sonra F\u0130FA v\u0259 hakiml\u0259rin x\u00fcsusi m\u00fcnasib\u0259ti il\u0259 ba\u011fl\u0131 iddialara cavab verdi.<\/strong><\/p>\n<p>Ucnoqta.az x\u0259b\u0259r verir ki, onun fikirl\u0259rini Foot Mercato yay\u0131b.<\/p>\n<p>&#8220;Qazand\u0131\u011f\u0131m\u0131z h\u0259r \u015feyi \u015f\u00fcbh\u0259 alt\u0131na almaq absurddur. Ard\u0131c\u0131l be\u015f finala v\u0259 ard\u0131c\u0131l ikinci D\u00fcnya Kuboku final\u0131na y\u00fcks\u0259ldik &#8211; t\u0259kc\u0259 bu, komandam\u0131z\u0131n keyfiyy\u0259tind\u0259n \u00e7ox \u015fey x\u0259b\u0259r verir. Son ill\u0259rd\u0259 d\u00fcnyan\u0131n \u0259n yax\u015f\u0131 komandas\u0131 olmu\u015fuq. B\u0259zi insanlar n\u0259 d\u00fc\u015f\u00fcn\u00fcr v\u0259 n\u0259 deyirl\u0259rs\u0259 desinl\u0259r &#8211; he\u00e7 kim biz\u0259 he\u00e7 n\u0259 verm\u0259di. Sahib oldu\u011fumuz h\u0259r \u015feyi futbol meydan\u00e7as\u0131nda qazand\u0131q&#8221;, &#8211; Messi deyib.<\/p>\n","protected":false},"excerpt":{"rendered":"<p>Argentina kapitan\u0131 Lionel Messi 2026-c\u0131 il D\u00fcnya Kuboku yar\u0131mfinal\u0131ndan sonra F\u0130FA v\u0259 hakiml\u0259rin x\u00fcsusi m\u00fcnasib\u0259ti il\u0259 ba\u011fl\u0131 iddialara cavab verdi. Ucnoqta.az x\u0259b\u0259r verir ki, onun fikirl\u0259rini Foot Mercato yay\u0131b. &#8220;Qazand\u0131\u011f\u0131m\u0131z&hellip;<\/p>\n","protected":false},"author":2,"featured_media":249783,"comment_status":"closed","ping_status":"closed","sticky":false,"template":"","format":"standard","meta":{"_lmt_disableupdate":"no","_lmt_disable":"","footnotes":""},"categories":[90],"tags":[],"class_list":["post-249782","post","type-post","status-publish","format-standard","has-post-thumbnail","hentry","category-idman-butun-xeberler"],"_links":{"self":[{"href":"https:\/\/ucnoqta.az\/index.php?rest_route=\/wp\/v2\/posts\/249782","targetHints":{"allow":["GET"]}}],"collection":[{"href":"https:\/\/ucnoqta.az\/index.php?rest_route=\/wp\/v2\/posts"}],"about":[{"href":"https:\/\/ucnoqta.az\/index.php?rest_route=\/wp\/v2\/types\/post"}],"author":[{"embeddable":true,"href":"https:\/\/ucnoqta.az\/index.php?rest_route=\/wp\/v2\/users\/2"}],"replies":[{"embeddable":true,"href":"https:\/\/ucnoqta.az\/index.php?rest_route=%2Fwp%2Fv2%2Fcomments&post=249782"}],"version-history":[{"count":0,"href":"https:\/\/ucnoqta.az\/index.php?rest_route=\/wp\/v2\/posts\/249782\/revisions"}],"wp:featuredmedia":[{"embeddable":true,"href":"https:\/\/ucnoqta.az\/index.php?rest_route=\/wp\/v2\/media\/249783"}],"wp:attachment":[{"href":"https:\/\/ucnoqta.az\/index.php?rest_route=%2Fwp%2Fv2%2Fmedia&parent=249782"}],"wp:term":[{"taxonomy":"category","embeddable":true,"href":"https:\/\/ucnoqta.az\/index.php?rest_route=%2Fwp%2Fv2%2Fcategories&post=249782"},{"taxonomy":"post_tag","embeddable":true,"href":"https:\/\/ucnoqta.az\/index.php?rest_route=%2Fwp%2Fv2%2Ftags&post=249782"}],"curies":[{"name":"wp","href":"https:\/\/api.w.org\/{rel}","templated":true}]}}