{"id":249775,"date":"2026-07-16T12:59:29","date_gmt":"2026-07-16T08:59:29","guid":{"rendered":"https:\/\/ucnoqta.az\/?p=249775"},"modified":"2026-07-16T12:59:29","modified_gmt":"2026-07-16T08:59:29","slug":"moldova-2030-cu-il%c9%99-q%c9%99d%c9%99r-ab-y%c9%99-qosulmaq-niyy%c9%99tind%c9%99dir","status":"publish","type":"post","link":"https:\/\/ucnoqta.az\/?p=249775","title":{"rendered":"Moldova 2030-cu il\u0259 q\u0259d\u0259r AB-y\u0259 qo\u015fulmaq niyy\u0259tind\u0259dir"},"content":{"rendered":"<p><strong>Moldova 2030-cu il\u0259 q\u0259d\u0259r AB-y\u0259 \u00fczv olmaq niyy\u0259tind\u0259dir v\u0259 buna g\u00f6r\u0259 d\u0259 yay\u0131n sonuna q\u0259d\u0259r Br\u00fcssel il\u0259 b\u00fct\u00fcn dan\u0131\u015f\u0131qlar kanallar\u0131n\u0131 a\u00e7ma\u011fa \u00e7al\u0131\u015facaq.<\/strong><\/p>\n<p>Ucnoqta.az x\u0259b\u0259r verir ki, bu bar\u0259d\u0259 Parlamentin s\u0259dri v\u0259 hakim F\u0259aliyy\u0259t v\u0259 H\u0259mr\u0259ylik Partiyas\u0131n\u0131n (PAS) lideri \u0130qor Qrosu bildirib.<\/p>\n<p>&#8220;Avropal\u0131 t\u0259r\u0259fda\u015flar\u0131m\u0131z\u0131 bu yay\u0131n sonuna q\u0259d\u0259r b\u00fct\u00fcn alt\u0131 dan\u0131\u015f\u0131qlar klasterini a\u00e7ma\u011fa layiq oldu\u011fumuza inand\u0131rma\u011fa davam edirik. \u015e\u0259rtl\u0259ri yerin\u0259 yetirm\u0259y\u0259 v\u0259 qanunlar\u0131 q\u0259bul etm\u0259y\u0259 davam edirik, sanki b\u00fct\u00fcn klasterl\u0259ri a\u00e7maq \u00fc\u00e7\u00fcn r\u0259smi siyasi q\u0259rar vermi\u015fik&#8221;, &#8211; Qrosu &#8220;Moldova 1&#8221; televiziyas\u0131nda bildirib.<\/p>\n<p>Onun s\u00f6zl\u0259rin\u0259 g\u00f6r\u0259, Moldova 2030-cu il\u0259 q\u0259d\u0259r icman\u0131n \u00fczv\u00fc olmaq \u00fc\u00e7\u00fcn Avropa Birliyi il\u0259 dan\u0131\u015f\u0131qlar\u0131 2028-ci ild\u0259 ba\u015fa \u00e7atd\u0131rmal\u0131d\u0131r.<\/p>\n<p>Qrosu qeyd edib ki, \u00f6lk\u0259nin daha d\u00f6rd dan\u0131\u015f\u0131qlar klasteri a\u00e7mas\u0131 laz\u0131md\u0131r v\u0259 Ki\u015finyov art\u0131q bu prosesl\u0259r \u00fc\u00e7\u00fcn texniki haz\u0131rl\u0131qlara ba\u015flay\u0131b.<\/p>\n","protected":false},"excerpt":{"rendered":"<p>Moldova 2030-cu il\u0259 q\u0259d\u0259r AB-y\u0259 \u00fczv olmaq niyy\u0259tind\u0259dir v\u0259 buna g\u00f6r\u0259 d\u0259 yay\u0131n sonuna q\u0259d\u0259r Br\u00fcssel il\u0259 b\u00fct\u00fcn dan\u0131\u015f\u0131qlar kanallar\u0131n\u0131 a\u00e7ma\u011fa \u00e7al\u0131\u015facaq. Ucnoqta.az x\u0259b\u0259r verir ki, bu bar\u0259d\u0259 Parlamentin s\u0259dri&hellip;<\/p>\n","protected":false},"author":2,"featured_media":249776,"comment_status":"closed","ping_status":"closed","sticky":false,"template":"","format":"standard","meta":{"_lmt_disableupdate":"","_lmt_disable":"","footnotes":""},"categories":[89],"tags":[],"class_list":["post-249775","post","type-post","status-publish","format-standard","has-post-thumbnail","hentry","category-dunya-butun-xeberler"],"_links":{"self":[{"href":"https:\/\/ucnoqta.az\/index.php?rest_route=\/wp\/v2\/posts\/249775","targetHints":{"allow":["GET"]}}],"collection":[{"href":"https:\/\/ucnoqta.az\/index.php?rest_route=\/wp\/v2\/posts"}],"about":[{"href":"https:\/\/ucnoqta.az\/index.php?rest_route=\/wp\/v2\/types\/post"}],"author":[{"embeddable":true,"href":"https:\/\/ucnoqta.az\/index.php?rest_route=\/wp\/v2\/users\/2"}],"replies":[{"embeddable":true,"href":"https:\/\/ucnoqta.az\/index.php?rest_route=%2Fwp%2Fv2%2Fcomments&post=249775"}],"version-history":[{"count":0,"href":"https:\/\/ucnoqta.az\/index.php?rest_route=\/wp\/v2\/posts\/249775\/revisions"}],"wp:featuredmedia":[{"embeddable":true,"href":"https:\/\/ucnoqta.az\/index.php?rest_route=\/wp\/v2\/media\/249776"}],"wp:attachment":[{"href":"https:\/\/ucnoqta.az\/index.php?rest_route=%2Fwp%2Fv2%2Fmedia&parent=249775"}],"wp:term":[{"taxonomy":"category","embeddable":true,"href":"https:\/\/ucnoqta.az\/index.php?rest_route=%2Fwp%2Fv2%2Fcategories&post=249775"},{"taxonomy":"post_tag","embeddable":true,"href":"https:\/\/ucnoqta.az\/index.php?rest_route=%2Fwp%2Fv2%2Ftags&post=249775"}],"curies":[{"name":"wp","href":"https:\/\/api.w.org\/{rel}","templated":true}]}}