{"id":249762,"date":"2026-07-16T11:20:30","date_gmt":"2026-07-16T07:20:30","guid":{"rendered":"https:\/\/ucnoqta.az\/?p=249762"},"modified":"2026-07-16T11:20:30","modified_gmt":"2026-07-16T07:20:30","slug":"tramp-ilham-eliyevin-susa-forumundaki-cixisina-dair-materiali","status":"publish","type":"post","link":"https:\/\/ucnoqta.az\/?p=249762","title":{"rendered":"Tramp \u0130lham \u018fliyevin \u015eu\u015fa Forumundak\u0131 \u00e7\u0131x\u0131\u015f\u0131na dair material\u0131"},"content":{"rendered":"<p><strong>AB\u015e Prezidenti Donald Tramp Az\u0259rbaycan Prezidenti \u0130lham \u018fliyevin \u015eu\u015fa Qlobal Media Forumunda s\u0259sl\u0259ndirdiyi fikirl\u0259rin yer ald\u0131\u011f\u0131, \u201cBreitbart News\u201d n\u0259\u015frind\u0259 d\u0259rc olunmu\u015f m\u0259qal\u0259ni \u00f6z\u00fcn\u00fcn \u201cTruth Social\u201d sosial \u015f\u0259b\u0259k\u0259sind\u0259 payla\u015f\u0131b.<\/strong><\/p>\n<p>Ucnoqta.az Apa-ya istinad\u0259n x\u0259b\u0259r verir ki, Tramp\u0131n r\u0259smi \u201cTruth Social\u201d hesab\u0131nda payla\u015fd\u0131\u011f\u0131 material \u201cBreitbart News\u201dun m\u00fcxbiri Co\u015fua Kleyn t\u0259r\u0259find\u0259n haz\u0131rlan\u0131b.<\/p>\n<p>\u201cBreitbart News\u201dun m\u0259qal\u0259sind\u0259 IV \u015eu\u015fa Qlobal Media Forumunda Prezident \u0130lham \u018fliyevin \u00e7\u0131x\u0131\u015f\u0131 d\u00f6vl\u0259t ba\u015f\u00e7\u0131s\u0131n\u0131n r\u0259smi sosial media hesablar\u0131ndan yay\u0131l\u0131b.<\/p>\n<p><strong><em>Prezident \u0130lham \u018fliyev: Tramp s\u00fclh\u00fc imkan kimi g\u00f6r\u00fcr<\/em><\/strong><\/p>\n<p>\u201cPrezident \u0130lham \u018fliyev Tramp\u0131 &#8220;s\u00fclh adam\u0131&#8221; adland\u0131r\u0131b v\u0259 Erm\u0259nistan-Az\u0259rbaycan raz\u0131la\u015fmas\u0131na g\u00f6r\u0259 ona minn\u0259tdarl\u0131\u011f\u0131n\u0131 bildirib\u201d ba\u015fl\u0131ql\u0131\u00a0m\u0259qal\u0259d\u0259 Prezident \u0130lham \u018fliyevin \u201cBreitbart News\u201dun sual\u0131n\u0131 cavabland\u0131rark\u0259n AB\u015e Prezidenti Donald Tramp\u0131n Az\u0259rbaycan v\u0259 Erm\u0259nistan aras\u0131nda s\u00fclh prosesind\u0259 oynad\u0131\u011f\u0131 rola x\u00fcsusi qiym\u0259t verm\u0259si \u00f6n plana \u00e7\u0131xar\u0131l\u0131r.<\/p>\n<p>Prezident bildirib ki, \u0259vv\u0259lki AB\u015e administrasiyalar\u0131 t\u0259xmin\u0259n otuz il \u0259rzind\u0259 m\u00fcnaqi\u015f\u0259ni h\u0259ll etm\u0259k \u0259v\u0259zin\u0259 onun dondurulmu\u015f v\u0259ziyy\u0259td\u0259 saxlanmas\u0131na \u00fcst\u00fcnl\u00fck veribl\u0259r.<\/p>\n<p>&#8220;Donald Tramp s\u00fclh\u00fc sev\u0259n insand\u0131r. O, s\u00fclh\u0259 imkan kimi bax\u0131r&#8221;, \u2013 Prezident \u0130lham \u018fliyev bildirib.<\/p>\n<p>Onun s\u00f6zl\u0259rin\u0259 g\u00f6r\u0259, Tramp administrasiyas\u0131 Az\u0259rbaycan\u0131n narahatl\u0131qlar\u0131n\u0131 d\u00fczg\u00fcn anlay\u0131b, Erm\u0259nistan r\u0259hb\u0259rliyini s\u00fclh\u00fcn h\u0259r iki d\u00f6vl\u0259t \u00fc\u00e7\u00fcn faydal\u0131 oldu\u011funa inand\u0131rma\u011fa \u00e7al\u0131\u015f\u0131b v\u0259 n\u0259tic\u0259d\u0259 &#8220;s\u00fclh\u00fc m\u00fcmk\u00fcn ed\u0259n bir \u00e7\u0259r\u00e7iv\u0259 yarad\u0131b&#8221;.<\/p>\n<p><img decoding=\"async\" src=\"https:\/\/apa.az\/storage\/news\/upload\/_%D0%B8%20%D0%B0%D0%BB%D0%B8%D0%B5%D0%B2_1784183150_1784184922.jpg\" alt=\"\" data-cke-saved-src=\"https:\/\/apa.az\/storage\/news\/upload\/_%D0%B8%20%D0%B0%D0%BB%D0%B8%D0%B5%D0%B2_1784183150_1784184922.jpg\" \/><\/p>\n<p><strong><em>A\u011f Ev sammiti h\u0259lledici m\u0259rh\u0259l\u0259 olub<\/em><\/strong><\/p>\n<p>Prezident \u0130lham \u018fliyev \u00f6t\u0259n ilin avqustunda A\u011f Evd\u0259 ke\u00e7iril\u0259n tarixi g\u00f6r\u00fc\u015f\u00fc d\u0259 xat\u0131rlad\u0131b.<\/p>\n<p>H\u0259min sammitd\u0259 AB\u015e Prezidenti Donald Tramp Az\u0259rbaycan Prezidenti \u0130lham \u018fliyev v\u0259 Erm\u0259nistan\u0131n Ba\u015f naziri Nikol Pa\u015finyan\u0131 q\u0259bul edib. Liderl\u0259r Birg\u0259 B\u0259yannam\u0259 imzalay\u0131b, xarici i\u015fl\u0259r nazirl\u0259ri is\u0259 s\u00fclh sazi\u015fini paraflay\u0131blar.<\/p>\n<p>Bununla yana\u015f\u0131, raz\u0131la\u015fman\u0131n icras\u0131 \u00fc\u00e7\u00fcn AB\u015e v\u0259 Az\u0259rbaycan\u0131n birg\u0259 i\u015f\u00e7i qrupu yarad\u0131l\u0131b.<\/p>\n<p>Prezident \u0130lham \u018fliyevin s\u00f6zl\u0259rin\u0259 g\u00f6r\u0259, m\u0259hz bu mexanizm Va\u015finqtonun raz\u0131la\u015fman\u0131n h\u0259yata ke\u00e7irilm\u0259sin\u0259 ciddi yana\u015fd\u0131\u011f\u0131n\u0131 g\u00f6st\u0259rib.<\/p>\n<p><strong><em>&#8220;Amerikal\u0131lar ilk d\u0259f\u0259 s\u00f6zl\u0259rin\u0259 bel\u0259 d\u0259qiq \u0259m\u0259l etdil\u0259r&#8221;<\/em><\/strong><\/p>\n<p>Prezident \u0130lham \u018fliyev Tramp administrasiyas\u0131n\u0131n raz\u0131la\u015fmalar\u0131n icras\u0131nda n\u00fcmayi\u015f etdirdiyi yana\u015fman\u0131 da x\u00fcsusi vur\u011fulay\u0131b:<\/p>\n<p>&#8220;M\u0259nim t\u0259cr\u00fcb\u0259md\u0259 ilk d\u0259f\u0259 idi ki, Amerika r\u0259smil\u0259ri verdikl\u0259ri s\u00f6z\u0259 bu q\u0259d\u0259r d\u0259qiq \u0259m\u0259l edirdil\u0259r&#8221;.<\/p>\n<p>D\u00f6vl\u0259t ba\u015f\u00e7\u0131s\u0131n\u0131n s\u00f6zl\u0259rin\u0259 g\u00f6r\u0259, m\u0259hz bunun n\u0259tic\u0259sind\u0259 Az\u0259rbaycan v\u0259 AB\u015e aras\u0131nda m\u00fcnasib\u0259tl\u0259r tamamil\u0259 yeni m\u0259rh\u0259l\u0259y\u0259 q\u0259d\u0259m qoyub.<\/p>\n<p><strong><em>Strateji t\u0259r\u0259fda\u015fl\u0131q yeni s\u0259viyy\u0259y\u0259 y\u00fcks\u0259lib<\/em><\/strong><\/p>\n<p>Prezident \u0130lham \u018fliyev bildirib ki, s\u00fclh raz\u0131la\u015fmas\u0131n\u0131n u\u011furlu icras\u0131 daha sonra Va\u015finqton v\u0259 Bak\u0131 aras\u0131nda Strateji T\u0259r\u0259fda\u015fl\u0131q B\u0259yannam\u0259sinin imzalanmas\u0131na yol a\u00e7\u0131b.<\/p>\n<p>Prezident m\u00fcnasib\u0259tl\u0259rin haz\u0131rk\u0131 v\u0259ziyy\u0259tini bel\u0259 qiym\u0259tl\u0259ndirib: &#8220;Bu, heyr\u0259tamizdir. Bu, inan\u0131lmazd\u0131r. Bu, yaln\u0131z arzulaya bil\u0259c\u0259yimiz bir \u015fey idi&#8221;.<\/p>\n<p>O diqq\u0259t\u0259 \u00e7atd\u0131r\u0131b ki, AB\u015e-Az\u0259rbaycan m\u00fcnasib\u0259tl\u0259ri tarixd\u0259 g\u00f6r\u00fcnm\u0259mi\u015f s\u0259viyy\u0259y\u0259 y\u00fcks\u0259lib.<\/p>\n<p><strong><em>\u018fvv\u0259lki administrasiyalara t\u0259nqid<\/em><\/strong><\/p>\n<p>Prezident \u0130lham \u018fliyev \u00e7\u0131x\u0131\u015f\u0131nda \u0259vv\u0259lki AB\u015e administrasiyalar\u0131n\u0131n siyas\u0259tini d\u0259 t\u0259nqid edib.<\/p>\n<p>D\u00f6vl\u0259t ba\u015f\u00e7\u0131s\u0131 bildirib ki, h\u0259min administrasiyalar m\u00fcnaqi\u015f\u0259nin h\u0259llin\u0259 deyil, status-kvonun qorunmas\u0131na \u00fcst\u00fcnl\u00fck verirdil\u0259r.<\/p>\n<p>Prezident \u0130lham \u018fliyev \u018fliyev qeyd edib ki, Co Bayden h\u0259l\u0259 senator oldu\u011fu d\u00f6vrd\u0259 Az\u0259rbaycana qar\u015f\u0131 sanksiyalar\u0131 d\u0259st\u0259kl\u0259mi\u015fdi v\u0259 bu yana\u015fma uzun ill\u0259r Va\u015finqton-Bak\u0131 m\u00fcnasib\u0259tl\u0259rin\u0259 m\u0259nfi t\u0259sir g\u00f6st\u0259rmi\u015fdi.<\/p>\n<p>Onun fikrinc\u0259 is\u0259 Donald Tramp d\u00f6vr\u00fcnd\u0259 m\u00fcnasib\u0259tl\u0259r &#8220;pik h\u0259dd\u0259&#8221; v\u0259 &#8220;g\u00f6r\u00fcnm\u0259mi\u015f s\u0259viyy\u0259y\u0259&#8221; \u00e7at\u0131b.<\/p>\n<p><strong><em>Uitkoff v\u0259 Laytstouna t\u0259\u015f\u0259kk\u00fcr<\/em><\/strong><\/p>\n<p>Prezident \u0130lham \u018fliyev \u00e7\u0131x\u0131\u015f\u0131n\u0131n sonunda AB\u015e Prezidenti Donald Trampa v\u0259 onun komandas\u0131na minn\u0259tdarl\u0131\u011f\u0131n\u0131 bildirib.<\/p>\n<p>O, x\u00fcsusil\u0259 AB\u015e prezidentinin x\u00fcsusi n\u00fcmay\u0259nd\u0259l\u0259ri Stiv Uitkoff v\u0259 Ari Laytstounun Az\u0259rbaycan-Erm\u0259nistan s\u00fclh prosesind\u0259 m\u00fch\u00fcm rol oynad\u0131qlar\u0131n\u0131 vur\u011fulay\u0131b.<\/p>\n<p>Tramp\u0131n bu material\u0131 \u015f\u0259xsi \u201cTruth Social\u201d hesab\u0131nda payla\u015fmas\u0131 A\u011f Evin C\u0259nubi Qafqaz siyas\u0259tin\u0259 v\u0259 Az\u0259rbaycanla strateji t\u0259r\u0259fda\u015fl\u0131\u011fa verdiyi \u00f6n\u0259min n\u00f6vb\u0259ti g\u00f6st\u0259ricisi kimi qiym\u0259tl\u0259ndirilir.<\/p>\n","protected":false},"excerpt":{"rendered":"<p>AB\u015e Prezidenti Donald Tramp Az\u0259rbaycan Prezidenti \u0130lham \u018fliyevin \u015eu\u015fa Qlobal Media Forumunda s\u0259sl\u0259ndirdiyi fikirl\u0259rin yer ald\u0131\u011f\u0131, \u201cBreitbart News\u201d n\u0259\u015frind\u0259 d\u0259rc olunmu\u015f m\u0259qal\u0259ni \u00f6z\u00fcn\u00fcn \u201cTruth Social\u201d sosial \u015f\u0259b\u0259k\u0259sind\u0259 payla\u015f\u0131b. Ucnoqta.az Apa-ya&hellip;<\/p>\n","protected":false},"author":2,"featured_media":249764,"comment_status":"closed","ping_status":"closed","sticky":false,"template":"","format":"standard","meta":{"_lmt_disableupdate":"","_lmt_disable":"","footnotes":""},"categories":[34,111],"tags":[],"class_list":["post-249762","post","type-post","status-publish","format-standard","has-post-thumbnail","hentry","category-butun-xeberler","category-manset"],"_links":{"self":[{"href":"https:\/\/ucnoqta.az\/index.php?rest_route=\/wp\/v2\/posts\/249762","targetHints":{"allow":["GET"]}}],"collection":[{"href":"https:\/\/ucnoqta.az\/index.php?rest_route=\/wp\/v2\/posts"}],"about":[{"href":"https:\/\/ucnoqta.az\/index.php?rest_route=\/wp\/v2\/types\/post"}],"author":[{"embeddable":true,"href":"https:\/\/ucnoqta.az\/index.php?rest_route=\/wp\/v2\/users\/2"}],"replies":[{"embeddable":true,"href":"https:\/\/ucnoqta.az\/index.php?rest_route=%2Fwp%2Fv2%2Fcomments&post=249762"}],"version-history":[{"count":0,"href":"https:\/\/ucnoqta.az\/index.php?rest_route=\/wp\/v2\/posts\/249762\/revisions"}],"wp:featuredmedia":[{"embeddable":true,"href":"https:\/\/ucnoqta.az\/index.php?rest_route=\/wp\/v2\/media\/249764"}],"wp:attachment":[{"href":"https:\/\/ucnoqta.az\/index.php?rest_route=%2Fwp%2Fv2%2Fmedia&parent=249762"}],"wp:term":[{"taxonomy":"category","embeddable":true,"href":"https:\/\/ucnoqta.az\/index.php?rest_route=%2Fwp%2Fv2%2Fcategories&post=249762"},{"taxonomy":"post_tag","embeddable":true,"href":"https:\/\/ucnoqta.az\/index.php?rest_route=%2Fwp%2Fv2%2Ftags&post=249762"}],"curies":[{"name":"wp","href":"https:\/\/api.w.org\/{rel}","templated":true}]}}