{"id":249751,"date":"2026-07-16T10:11:26","date_gmt":"2026-07-16T06:11:26","guid":{"rendered":"https:\/\/ucnoqta.az\/?p=249751"},"modified":"2026-07-16T10:11:26","modified_gmt":"2026-07-16T06:11:26","slug":"paytaxtin-%c9%99sas-prospektd%c9%99-isl%c9%99r-niy%c9%99-dayandirildi","status":"publish","type":"post","link":"https:\/\/ucnoqta.az\/?p=249751","title":{"rendered":"Paytaxt\u0131n \u0259sas prospektd\u0259 i\u015fl\u0259r niy\u0259 dayand\u0131r\u0131ld\u0131?"},"content":{"rendered":"<p><strong>Paytaxt\u0131n \u0259n intensiv n\u0259qliyyat ax\u0131n\u0131n\u0131n m\u00fc\u015fahid\u0259 olundu\u011fu yollardan biri olan H\u00fcseyn Cavid prospektind\u0259 apar\u0131lan t\u0259mir i\u015fl\u0259ri h\u0259l\u0259 d\u0259 yekunla\u015fmay\u0131b.<\/strong><\/p>\n<p>Ucnoqta.az x\u0259b\u0259r verir ki, Yasamal rayonu \u0259razisind\u0259, H\u00fcseyn Cavid prospektinin Ayna Sultanova k\u00fc\u00e7\u0259si il\u0259 k\u0259si\u015fm\u0259sind\u0259 iyul ay\u0131ndan ba\u015flayan t\u0259mir i\u015fl\u0259ri s\u0259b\u0259bind\u0259n yolun h\u0259min hiss\u0259sind\u0259 n\u0259qliyyat\u0131n h\u0259r\u0259k\u0259ti tam m\u0259hdudla\u015fd\u0131r\u0131l\u0131b.<\/p>\n<p>Az\u0259rbaycan Avtomobil Yollar\u0131 D\u00f6vl\u0259t Agentliyi (AAYDA) daha \u0259vv\u0259l t\u0259mir i\u015fl\u0259rinin iyulun 6-d\u0259k ba\u015fa \u00e7atd\u0131r\u0131laca\u011f\u0131n\u0131 a\u00e7\u0131qlam\u0131\u015fd\u0131. Lakin g\u00f6st\u0259ril\u0259n m\u00fcdd\u0259tin ba\u015fa \u00e7atmas\u0131na baxmayaraq, yol h\u0259l\u0259 d\u0259 istifad\u0259y\u0259 verilm\u0259yib.<\/p>\n<p>Ucnoqta.az-\u0131n \u0259ld\u0259 etdiyi m\u0259lumata g\u00f6r\u0259, nam\u0259lum s\u0259b\u0259bl\u0259rd\u0259n \u0259razid\u0259 t\u0259mir prosesi dayand\u0131r\u0131l\u0131b. Redaksiyam\u0131z\u0131n \u0259m\u0259kda\u015flar\u0131n\u0131n hadis\u0259 yerind\u0259 apard\u0131qlar\u0131 m\u00fc\u015fahid\u0259l\u0259r zaman\u0131 da tikinti texnikas\u0131n\u0131n v\u0259 i\u015f\u00e7i q\u00fcvv\u0259sinin \u0259razid\u0259 olmad\u0131\u011f\u0131, i\u015fl\u0259rin davam etdirilm\u0259diyi m\u00fc\u0259yy\u0259n edilib.<\/p>\n<p>Qeyd ed\u0259k ki, H\u00fcseyn Cavid prospektinin ba\u011flanmas\u0131 paytaxt\u0131n bu hiss\u0259sind\u0259 n\u0259qliyyat\u0131n h\u0259r\u0259k\u0259tin\u0259 ciddi t\u0259sir g\u00f6st\u0259rib. Bu istiqam\u0259td\u0259 f\u0259aliyy\u0259t g\u00f6st\u0259r\u0259n ictimai n\u0259qliyyat mar\u015frutlar\u0131 alternativ k\u00fc\u00e7\u0259l\u0259r\u0259 y\u00f6nl\u0259ndirilib ki, bu da h\u0259m s\u00fcr\u00fcc\u00fcl\u0259rin, h\u0259m d\u0259 s\u0259rni\u015finl\u0259rin g\u00fcnd\u0259lik h\u0259r\u0259k\u0259tind\u0259 \u0259lav\u0259 vaxt itkisin\u0259 v\u0259 narahatl\u0131\u011fa s\u0259b\u0259b olur.<\/p>\n<p><strong>Qeyd:<\/strong> Qar\u015f\u0131 t\u0259r\u0259fin m\u00f6vqeyini d\u0259rc etm\u0259y\u0259 haz\u0131r\u0131q.<\/p>\n","protected":false},"excerpt":{"rendered":"<p>Paytaxt\u0131n \u0259n intensiv n\u0259qliyyat ax\u0131n\u0131n\u0131n m\u00fc\u015fahid\u0259 olundu\u011fu yollardan biri olan H\u00fcseyn Cavid prospektind\u0259 apar\u0131lan t\u0259mir i\u015fl\u0259ri h\u0259l\u0259 d\u0259 yekunla\u015fmay\u0131b. Ucnoqta.az x\u0259b\u0259r verir ki, Yasamal rayonu \u0259razisind\u0259, H\u00fcseyn Cavid prospektinin Ayna&hellip;<\/p>\n","protected":false},"author":2,"featured_media":249754,"comment_status":"closed","ping_status":"closed","sticky":false,"template":"","format":"standard","meta":{"_lmt_disableupdate":"","_lmt_disable":"","footnotes":""},"categories":[101,111],"tags":[],"class_list":["post-249751","post","type-post","status-publish","format-standard","has-post-thumbnail","hentry","category-cemiyyet","category-manset"],"_links":{"self":[{"href":"https:\/\/ucnoqta.az\/index.php?rest_route=\/wp\/v2\/posts\/249751","targetHints":{"allow":["GET"]}}],"collection":[{"href":"https:\/\/ucnoqta.az\/index.php?rest_route=\/wp\/v2\/posts"}],"about":[{"href":"https:\/\/ucnoqta.az\/index.php?rest_route=\/wp\/v2\/types\/post"}],"author":[{"embeddable":true,"href":"https:\/\/ucnoqta.az\/index.php?rest_route=\/wp\/v2\/users\/2"}],"replies":[{"embeddable":true,"href":"https:\/\/ucnoqta.az\/index.php?rest_route=%2Fwp%2Fv2%2Fcomments&post=249751"}],"version-history":[{"count":0,"href":"https:\/\/ucnoqta.az\/index.php?rest_route=\/wp\/v2\/posts\/249751\/revisions"}],"wp:featuredmedia":[{"embeddable":true,"href":"https:\/\/ucnoqta.az\/index.php?rest_route=\/wp\/v2\/media\/249754"}],"wp:attachment":[{"href":"https:\/\/ucnoqta.az\/index.php?rest_route=%2Fwp%2Fv2%2Fmedia&parent=249751"}],"wp:term":[{"taxonomy":"category","embeddable":true,"href":"https:\/\/ucnoqta.az\/index.php?rest_route=%2Fwp%2Fv2%2Fcategories&post=249751"},{"taxonomy":"post_tag","embeddable":true,"href":"https:\/\/ucnoqta.az\/index.php?rest_route=%2Fwp%2Fv2%2Ftags&post=249751"}],"curies":[{"name":"wp","href":"https:\/\/api.w.org\/{rel}","templated":true}]}}