{"id":249725,"date":"2026-07-15T13:42:00","date_gmt":"2026-07-15T09:42:00","guid":{"rendered":"https:\/\/ucnoqta.az\/?p=249725"},"modified":"2026-07-15T13:42:00","modified_gmt":"2026-07-15T09:42:00","slug":"dronla-vurulan-g%c9%99minin-az%c9%99rbaycanli-kapitani-h%c9%99lak-oldu","status":"publish","type":"post","link":"https:\/\/ucnoqta.az\/?p=249725","title":{"rendered":"Dronla vurulan g\u0259minin az\u0259rbaycanl\u0131 kapitan\u0131 h\u0259lak oldu"},"content":{"rendered":"<p><strong>X\u0259b\u0259r verdiyimiz kimi, Ukraynan\u0131n Odessa sahill\u0259ri yax\u0131nl\u0131\u011f\u0131nda T\u00fcrkiy\u0259nin &#8220;Okean Maritime\u201d \u015firk\u0259tin\u0259 m\u0259xsus i\u00e7ind\u0259 11 n\u0259f\u0259r az\u0259rbaycanl\u0131 olan &#8220;Atlas Bey\u201d m\u00fclki ticar\u0259t g\u0259misi dron h\u00fccumuna m\u0259ruz qal\u0131b. H\u00fccumdan sonra kapitan istisna olmaqla, dig\u0259r ekipaj \u00fczvl\u0259ri Odessa \u015f\u0259h\u0259rind\u0259 sahil\u0259 \u00e7\u0131xar\u0131l\u0131b.<\/strong><\/p>\n<p>&#8220;D\u0259niz\u00e7il\u0259rin \u0130ctimai Birliyinin\u201d s\u0259dri \u0130lham N\u0259sirov g\u0259minin kapitan\u0131 S\u0259m\u0259d N\u0259srullayevin h\u0259lak oldu\u011funu bildirib.<\/p>\n<p>Birlik s\u0259dri \u00f6z v\u0259zif\u0259 borcunu yerin\u0259 yetir\u0259rk\u0259n amans\u0131z h\u00fccumun qurban\u0131 olan kapitan\u0131n yax\u0131nlar\u0131na ba\u015fsa\u011fl\u0131\u011f\u0131 verib.<\/p>\n<p>Qeyd ed\u0259k ki, Az\u0259rbaycan Xarici \u0130\u015fl\u0259r Nazirliyi (X\u0130N) d\u0259 h\u00fccum bar\u0259d\u0259 m\u0259lumat yay\u0131b. M\u0259lumatda xilas edil\u0259n ekipaj \u00fczvl\u0259rinin v\u0259ziyy\u0259tinin q\u0259na\u0259tb\u0259x\u015ft oldu\u011fu, kapitan\u0131n axtar\u0131\u015f\u0131 istiqam\u0259tind\u0259 t\u0259dbirl\u0259r g\u00f6r\u00fcld\u00fcy\u00fc qeyd edilib.<\/p>\n<p>Kapitan S\u0259m\u0259d N\u0259srullayevin fotosunu t\u0259qdim edirik:<\/p>\n<p>\/\/\/Qafqazinfo<\/p>\n","protected":false},"excerpt":{"rendered":"<p>X\u0259b\u0259r verdiyimiz kimi, Ukraynan\u0131n Odessa sahill\u0259ri yax\u0131nl\u0131\u011f\u0131nda T\u00fcrkiy\u0259nin &#8220;Okean Maritime\u201d \u015firk\u0259tin\u0259 m\u0259xsus i\u00e7ind\u0259 11 n\u0259f\u0259r az\u0259rbaycanl\u0131 olan &#8220;Atlas Bey\u201d m\u00fclki ticar\u0259t g\u0259misi dron h\u00fccumuna m\u0259ruz qal\u0131b. H\u00fccumdan sonra kapitan istisna&hellip;<\/p>\n","protected":false},"author":2,"featured_media":249726,"comment_status":"closed","ping_status":"closed","sticky":false,"template":"","format":"standard","meta":{"_lmt_disableupdate":"","_lmt_disable":"","footnotes":""},"categories":[42],"tags":[],"class_list":["post-249725","post","type-post","status-publish","format-standard","has-post-thumbnail","hentry","category-hadise"],"_links":{"self":[{"href":"https:\/\/ucnoqta.az\/index.php?rest_route=\/wp\/v2\/posts\/249725","targetHints":{"allow":["GET"]}}],"collection":[{"href":"https:\/\/ucnoqta.az\/index.php?rest_route=\/wp\/v2\/posts"}],"about":[{"href":"https:\/\/ucnoqta.az\/index.php?rest_route=\/wp\/v2\/types\/post"}],"author":[{"embeddable":true,"href":"https:\/\/ucnoqta.az\/index.php?rest_route=\/wp\/v2\/users\/2"}],"replies":[{"embeddable":true,"href":"https:\/\/ucnoqta.az\/index.php?rest_route=%2Fwp%2Fv2%2Fcomments&post=249725"}],"version-history":[{"count":0,"href":"https:\/\/ucnoqta.az\/index.php?rest_route=\/wp\/v2\/posts\/249725\/revisions"}],"wp:featuredmedia":[{"embeddable":true,"href":"https:\/\/ucnoqta.az\/index.php?rest_route=\/wp\/v2\/media\/249726"}],"wp:attachment":[{"href":"https:\/\/ucnoqta.az\/index.php?rest_route=%2Fwp%2Fv2%2Fmedia&parent=249725"}],"wp:term":[{"taxonomy":"category","embeddable":true,"href":"https:\/\/ucnoqta.az\/index.php?rest_route=%2Fwp%2Fv2%2Fcategories&post=249725"},{"taxonomy":"post_tag","embeddable":true,"href":"https:\/\/ucnoqta.az\/index.php?rest_route=%2Fwp%2Fv2%2Ftags&post=249725"}],"curies":[{"name":"wp","href":"https:\/\/api.w.org\/{rel}","templated":true}]}}