{"id":249721,"date":"2026-07-15T13:26:14","date_gmt":"2026-07-15T09:26:14","guid":{"rendered":"https:\/\/ucnoqta.az\/?p=249721"},"modified":"2026-07-15T13:26:14","modified_gmt":"2026-07-15T09:26:14","slug":"koreya-prezidenti-yegan%c9%99-m%c9%99nzilini-satacaq","status":"publish","type":"post","link":"https:\/\/ucnoqta.az\/?p=249721","title":{"rendered":"Koreya prezidenti yegan\u0259 m\u0259nzilini satacaq"},"content":{"rendered":"<p><strong>Koreya Respublikas\u0131n\u0131n Prezidenti Li Ce Myonq, h\u00f6kum\u0259tin da\u015f\u0131nmaz \u0259mlak bazar\u0131n\u0131 sabitl\u0259\u015fdirm\u0259k kampaniyas\u0131na d\u0259st\u0259k olaraq yegan\u0259 m\u0259nzilini satacaq.<\/strong><\/p>\n<p>Ucnoqta.az bildirir ki, bu bar\u0259d\u0259 Yonhap X\u0259b\u0259r Agentliyi m\u0259lumat verib.<\/p>\n<p>&#8220;Art\u0131q evim yoxdur&#8221;, &#8211; dey\u0259 Prezident d\u00fcn\u0259n kabinet iclas\u0131nda bildirib.<\/p>\n<p>M\u0259nb\u0259l\u0259r\u0259 g\u00f6r\u0259, ilkin raz\u0131la\u015fma imzalan\u0131b v\u0259 m\u00fcqavil\u0259 tezlikl\u0259 ba\u011flanacaq.<\/p>\n","protected":false},"excerpt":{"rendered":"<p>Koreya Respublikas\u0131n\u0131n Prezidenti Li Ce Myonq, h\u00f6kum\u0259tin da\u015f\u0131nmaz \u0259mlak bazar\u0131n\u0131 sabitl\u0259\u015fdirm\u0259k kampaniyas\u0131na d\u0259st\u0259k olaraq yegan\u0259 m\u0259nzilini satacaq. Ucnoqta.az bildirir ki, bu bar\u0259d\u0259 Yonhap X\u0259b\u0259r Agentliyi m\u0259lumat verib. &#8220;Art\u0131q evim yoxdur&#8221;,&hellip;<\/p>\n","protected":false},"author":2,"featured_media":249722,"comment_status":"closed","ping_status":"closed","sticky":false,"template":"","format":"standard","meta":{"_lmt_disableupdate":"","_lmt_disable":"","footnotes":""},"categories":[89],"tags":[],"class_list":["post-249721","post","type-post","status-publish","format-standard","has-post-thumbnail","hentry","category-dunya-butun-xeberler"],"_links":{"self":[{"href":"https:\/\/ucnoqta.az\/index.php?rest_route=\/wp\/v2\/posts\/249721","targetHints":{"allow":["GET"]}}],"collection":[{"href":"https:\/\/ucnoqta.az\/index.php?rest_route=\/wp\/v2\/posts"}],"about":[{"href":"https:\/\/ucnoqta.az\/index.php?rest_route=\/wp\/v2\/types\/post"}],"author":[{"embeddable":true,"href":"https:\/\/ucnoqta.az\/index.php?rest_route=\/wp\/v2\/users\/2"}],"replies":[{"embeddable":true,"href":"https:\/\/ucnoqta.az\/index.php?rest_route=%2Fwp%2Fv2%2Fcomments&post=249721"}],"version-history":[{"count":0,"href":"https:\/\/ucnoqta.az\/index.php?rest_route=\/wp\/v2\/posts\/249721\/revisions"}],"wp:featuredmedia":[{"embeddable":true,"href":"https:\/\/ucnoqta.az\/index.php?rest_route=\/wp\/v2\/media\/249722"}],"wp:attachment":[{"href":"https:\/\/ucnoqta.az\/index.php?rest_route=%2Fwp%2Fv2%2Fmedia&parent=249721"}],"wp:term":[{"taxonomy":"category","embeddable":true,"href":"https:\/\/ucnoqta.az\/index.php?rest_route=%2Fwp%2Fv2%2Fcategories&post=249721"},{"taxonomy":"post_tag","embeddable":true,"href":"https:\/\/ucnoqta.az\/index.php?rest_route=%2Fwp%2Fv2%2Ftags&post=249721"}],"curies":[{"name":"wp","href":"https:\/\/api.w.org\/{rel}","templated":true}]}}