{"id":249703,"date":"2026-07-15T11:54:36","date_gmt":"2026-07-15T07:54:36","guid":{"rendered":"https:\/\/ucnoqta.az\/?p=249703"},"modified":"2026-07-15T11:54:36","modified_gmt":"2026-07-15T07:54:36","slug":"avropada-40-d%c9%99r%c9%99c%c9%99-istilik-dalgasinin-%c9%99sas-s%c9%99b%c9%99bi","status":"publish","type":"post","link":"https:\/\/ucnoqta.az\/?p=249703","title":{"rendered":"Avropada 40 d\u0259r\u0259c\u0259 istilik dal\u011fas\u0131n\u0131n \u0259sas s\u0259b\u0259bi"},"content":{"rendered":"<p><strong>Anomal istilik dal\u011falar\u0131 iyun ay\u0131n\u0131n ortalar\u0131nda Avropan\u0131 b\u00fcr\u00fcd\u00fc. B\u0259zi \u00f6lk\u0259l\u0259rd\u0259 temperatur 40 d\u0259r\u0259c\u0259 Selsid\u0259n ke\u00e7\u0259r\u0259k yeni tarixi zirv\u0259l\u0259r\u0259 \u00e7atd\u0131. Fransa, B\u00f6y\u00fck Britaniya, Niderland v\u0259 \u0130taliyada \u0259n y\u00fcks\u0259k, q\u0131rm\u0131z\u0131 hava h\u0259y\u0259can\u0131 s\u0259viyy\u0259si elan edilib. Art\u0131q \u0130taliya yar\u0131madas\u0131na \u00fc\u00e7\u00fcnc\u00fc isti dal\u011fas\u0131 yax\u0131nla\u015f\u0131r.<\/strong><\/p>\n<p>Ucnoqta.az x\u0259b\u0259r verir ki, Kamerino Universitetinin professoru Massimiliano Fazzini Avropada rekord temperaturlar\u0131n adi okean antisiklonunun subtropik s\u0259hra antisiklonlar\u0131 t\u0259r\u0259find\u0259n yerd\u0259yi\u015fm\u0259si n\u0259tic\u0259sind\u0259 yarand\u0131\u011f\u0131n\u0131 bildirib.<\/p>\n<p>&#8220;S\u0259hra v\u0259 ya \u0130ran yaylas\u0131 il\u0259 \u0259laq\u0259li antisiklonlar Avropa \u00fcz\u0259rind\u0259 \u0259m\u0259l\u0259 g\u0259ldikd\u0259, onlar \u00e7ox g\u00fccl\u00fc olur v\u0259 alt\u0131-s\u0259kkiz kilometr\u0259 q\u0259d\u0259r y\u00fcks\u0259klikl\u0259r\u0259 q\u0259d\u0259r uzan\u0131r. Da\u011f silsil\u0259l\u0259rind\u0259n ke\u00e7\u0259rk\u0259n bu isti hava k\u00fctl\u0259si a\u015fa\u011f\u0131 enir v\u0259 s\u0131x\u0131lma n\u0259tic\u0259sind\u0259 daha da q\u0131z\u0131r. Bu, s\u0259th temperaturunun olduqca y\u00fcks\u0259k olmas\u0131na s\u0259b\u0259b olur&#8221;, &#8211; dey\u0259 Fazzini deyir.<\/p>\n<p>\u018fvv\u0259ll\u0259r Q\u0259rbi Avropa \u00fcz\u0259rind\u0259ki hava okean antisiklonu t\u0259r\u0259find\u0259n m\u00fc\u0259yy\u0259n edilirdis\u0259, indi s\u0259hralardan g\u0259l\u0259n subtropik antisiklonlar getdikc\u0259 daha \u00e7ox t\u0259sir g\u00f6st\u0259rir. Bundan \u0259lav\u0259, Yax\u0131n \u015e\u0259rqin s\u0259hra b\u00f6lg\u0259l\u0259ri \u015eimali S\u0259hradan daha \u00e7ox istil\u0259\u015fir.\/\/\/rianovosti<\/p>\n","protected":false},"excerpt":{"rendered":"<p>Anomal istilik dal\u011falar\u0131 iyun ay\u0131n\u0131n ortalar\u0131nda Avropan\u0131 b\u00fcr\u00fcd\u00fc. B\u0259zi \u00f6lk\u0259l\u0259rd\u0259 temperatur 40 d\u0259r\u0259c\u0259 Selsid\u0259n ke\u00e7\u0259r\u0259k yeni tarixi zirv\u0259l\u0259r\u0259 \u00e7atd\u0131. Fransa, B\u00f6y\u00fck Britaniya, Niderland v\u0259 \u0130taliyada \u0259n y\u00fcks\u0259k, q\u0131rm\u0131z\u0131 hava h\u0259y\u0259can\u0131&hellip;<\/p>\n","protected":false},"author":2,"featured_media":249704,"comment_status":"closed","ping_status":"closed","sticky":false,"template":"","format":"standard","meta":{"_lmt_disableupdate":"","_lmt_disable":"","footnotes":""},"categories":[101,111],"tags":[],"class_list":["post-249703","post","type-post","status-publish","format-standard","has-post-thumbnail","hentry","category-cemiyyet","category-manset"],"_links":{"self":[{"href":"https:\/\/ucnoqta.az\/index.php?rest_route=\/wp\/v2\/posts\/249703","targetHints":{"allow":["GET"]}}],"collection":[{"href":"https:\/\/ucnoqta.az\/index.php?rest_route=\/wp\/v2\/posts"}],"about":[{"href":"https:\/\/ucnoqta.az\/index.php?rest_route=\/wp\/v2\/types\/post"}],"author":[{"embeddable":true,"href":"https:\/\/ucnoqta.az\/index.php?rest_route=\/wp\/v2\/users\/2"}],"replies":[{"embeddable":true,"href":"https:\/\/ucnoqta.az\/index.php?rest_route=%2Fwp%2Fv2%2Fcomments&post=249703"}],"version-history":[{"count":0,"href":"https:\/\/ucnoqta.az\/index.php?rest_route=\/wp\/v2\/posts\/249703\/revisions"}],"wp:featuredmedia":[{"embeddable":true,"href":"https:\/\/ucnoqta.az\/index.php?rest_route=\/wp\/v2\/media\/249704"}],"wp:attachment":[{"href":"https:\/\/ucnoqta.az\/index.php?rest_route=%2Fwp%2Fv2%2Fmedia&parent=249703"}],"wp:term":[{"taxonomy":"category","embeddable":true,"href":"https:\/\/ucnoqta.az\/index.php?rest_route=%2Fwp%2Fv2%2Fcategories&post=249703"},{"taxonomy":"post_tag","embeddable":true,"href":"https:\/\/ucnoqta.az\/index.php?rest_route=%2Fwp%2Fv2%2Ftags&post=249703"}],"curies":[{"name":"wp","href":"https:\/\/api.w.org\/{rel}","templated":true}]}}