{"id":249694,"date":"2026-07-15T11:32:25","date_gmt":"2026-07-15T07:32:25","guid":{"rendered":"https:\/\/ucnoqta.az\/?p=249694"},"modified":"2026-07-15T11:32:25","modified_gmt":"2026-07-15T07:32:25","slug":"fransa-ispaniya-matcindan-sonra-parisd%c9%99-100-d%c9%99n-cox-azarkes-saxlanilib","status":"publish","type":"post","link":"https:\/\/ucnoqta.az\/?p=249694","title":{"rendered":"Fransa-\u0130spaniya mat\u00e7\u0131ndan sonra Parisd\u0259 100-d\u0259n \u00e7ox azarke\u015f saxlan\u0131l\u0131b"},"content":{"rendered":"<p><strong>Fransa polisi \u00e7\u0259r\u015f\u0259nb\u0259 ax\u015fam\u0131 milli komandan\u0131n D\u00fcnya Kubokunun yar\u0131mfinal\u0131nda m\u0259\u011flubiyy\u0259tind\u0259n sonra Parisd\u0259 141 azarke\u015fi saxlay\u0131b.<\/strong><\/p>\n<p>Ucnoqta.az bildirir ki, bu bar\u0259d\u0259 BFMTV Paris Polis Prefekturas\u0131na istinad\u0259n m\u0259lumat verib.<\/p>\n<p>H\u0259bsl\u0259rin \u0259ks\u0259riyy\u0259tinin azarke\u015fl\u0259rin pirotexnika vasit\u0259l\u0259rind\u0259n istifad\u0259 etm\u0259si, o c\u00fcml\u0259d\u0259n polis \u0259m\u0259kda\u015flar\u0131na qar\u015f\u0131 istifad\u0259 etm\u0259si il\u0259 ba\u011fl\u0131 oldu\u011fu bildirilib. \u015e\u0259h\u0259rin m\u00fcxt\u0259lif yerl\u0259rind\u0259 v\u0259 yax\u0131nl\u0131qdak\u0131 \u015f\u0259h\u0259r\u0259traf\u0131 \u0259razil\u0259rd\u0259 ba\u015f ver\u0259n ki\u00e7ik hadis\u0259l\u0259r\u0259 baxmayaraq, x\u0259sar\u0259t alan v\u0259 ya ciddi ziyan d\u0259ym\u0259yib.<\/p>\n<p>Ox\u015far ictimai i\u011fti\u015fa\u015flar Lionda da qeyd\u0259 al\u0131n\u0131b. Polis aqressiv g\u0259ncl\u0259ri da\u011f\u0131tmaq \u00fc\u00e7\u00fcn g\u00f6z ya\u015fart\u0131c\u0131 qazdan istifad\u0259 edib. Polisl\u0259 toqqu\u015fmalardan sonra \u015f\u0259h\u0259rd\u0259 t\u0259xmin\u0259n iyirmi n\u0259f\u0259r saxlan\u0131l\u0131b.<\/p>\n","protected":false},"excerpt":{"rendered":"<p>Fransa polisi \u00e7\u0259r\u015f\u0259nb\u0259 ax\u015fam\u0131 milli komandan\u0131n D\u00fcnya Kubokunun yar\u0131mfinal\u0131nda m\u0259\u011flubiyy\u0259tind\u0259n sonra Parisd\u0259 141 azarke\u015fi saxlay\u0131b. Ucnoqta.az bildirir ki, bu bar\u0259d\u0259 BFMTV Paris Polis Prefekturas\u0131na istinad\u0259n m\u0259lumat verib. H\u0259bsl\u0259rin \u0259ks\u0259riyy\u0259tinin azarke\u015fl\u0259rin&hellip;<\/p>\n","protected":false},"author":2,"featured_media":249695,"comment_status":"closed","ping_status":"closed","sticky":false,"template":"","format":"standard","meta":{"_lmt_disableupdate":"","_lmt_disable":"","footnotes":""},"categories":[89],"tags":[],"class_list":["post-249694","post","type-post","status-publish","format-standard","has-post-thumbnail","hentry","category-dunya-butun-xeberler"],"_links":{"self":[{"href":"https:\/\/ucnoqta.az\/index.php?rest_route=\/wp\/v2\/posts\/249694","targetHints":{"allow":["GET"]}}],"collection":[{"href":"https:\/\/ucnoqta.az\/index.php?rest_route=\/wp\/v2\/posts"}],"about":[{"href":"https:\/\/ucnoqta.az\/index.php?rest_route=\/wp\/v2\/types\/post"}],"author":[{"embeddable":true,"href":"https:\/\/ucnoqta.az\/index.php?rest_route=\/wp\/v2\/users\/2"}],"replies":[{"embeddable":true,"href":"https:\/\/ucnoqta.az\/index.php?rest_route=%2Fwp%2Fv2%2Fcomments&post=249694"}],"version-history":[{"count":0,"href":"https:\/\/ucnoqta.az\/index.php?rest_route=\/wp\/v2\/posts\/249694\/revisions"}],"wp:featuredmedia":[{"embeddable":true,"href":"https:\/\/ucnoqta.az\/index.php?rest_route=\/wp\/v2\/media\/249695"}],"wp:attachment":[{"href":"https:\/\/ucnoqta.az\/index.php?rest_route=%2Fwp%2Fv2%2Fmedia&parent=249694"}],"wp:term":[{"taxonomy":"category","embeddable":true,"href":"https:\/\/ucnoqta.az\/index.php?rest_route=%2Fwp%2Fv2%2Fcategories&post=249694"},{"taxonomy":"post_tag","embeddable":true,"href":"https:\/\/ucnoqta.az\/index.php?rest_route=%2Fwp%2Fv2%2Ftags&post=249694"}],"curies":[{"name":"wp","href":"https:\/\/api.w.org\/{rel}","templated":true}]}}