{"id":249679,"date":"2026-07-15T10:43:07","date_gmt":"2026-07-15T06:43:07","guid":{"rendered":"https:\/\/ucnoqta.az\/?p=249679"},"modified":"2026-07-15T10:43:07","modified_gmt":"2026-07-15T06:43:07","slug":"mbappe-ispaniyaya-m%c9%99glubiyy%c9%99tin-s%c9%99b%c9%99bl%c9%99rini-aciqladi","status":"publish","type":"post","link":"https:\/\/ucnoqta.az\/?p=249679","title":{"rendered":"Mbappe \u0130spaniyaya m\u0259\u011flubiyy\u0259tin s\u0259b\u0259bl\u0259rini a\u00e7\u0131qlad\u0131"},"content":{"rendered":"<p><strong>Fransa milli komandas\u0131 D\u00fcnya \u00c7empionat\u0131n\u0131n yar\u0131mfinal\u0131nda \u0130spaniyaya qar\u015f\u0131 oyun plan\u0131n\u0131 yerin\u0259 yetir\u0259 bilm\u0259di.<\/strong><\/p>\n<p><a href=\"https:\/\/ucnoqta.az\/news\/246666\/\">Ucnoqta.az<\/a>\u00a0x\u0259b\u0259r verir ki, ESPN-in verdiyi m\u0259lumata g\u00f6r\u0259, bunu Fransa kapitan\u0131 v\u0259 h\u00fccum\u00e7usu Kilian Mbappe bildirib.<\/p>\n<p>&#8220;\u0130st\u0259diyimiz oyunu n\u0259 texniki, n\u0259 d\u0259 taktiki c\u0259h\u0259td\u0259n oynamad\u0131q. D\u00fcnya Kubokunun yar\u0131mfinal\u0131nda etm\u0259li oldu\u011funuzu etm\u0259dikd\u0259 qalib g\u0259lmirsiniz. \u0130spaniya \u00f6z oyun plan\u0131na v\u0259 ad\u0259t\u0259n etdikl\u0259rin\u0259 sadiq qal\u0131b. Onlar topu v\u0259 tempi idar\u0259 etm\u0259yi sevirl\u0259r. Bizim plan\u0131m\u0131z onlar\u0131 y\u00fcks\u0259k t\u0259zyiq alt\u0131nda qoymaq idi ki, ritml\u0259rini qura bilm\u0259sinl\u0259r. Topu geri qazand\u0131\u011f\u0131m\u0131z zaman bel\u0259, ilk toxunu\u015flar\u0131m\u0131z kifay\u0259t q\u0259d\u0259r yax\u015f\u0131 olmad\u0131. Bu, m\u0259\u011flubiyy\u0259t\u0259 g\u0259tirib \u00e7\u0131xar\u0131r. Bu, b\u00f6y\u00fck bir m\u0259yusluqdur. Amma obyektiv olmaq \u00fc\u00e7\u00fcn des\u0259k, finala \u00e7\u0131xmaq \u00fc\u00e7\u00fcn b\u00fct\u00fcn laz\u0131mi \u015f\u0259rtl\u0259rimiz yox idi&#8221;, &#8211; Mbappe deyib.<\/p>\n","protected":false},"excerpt":{"rendered":"<p>Fransa milli komandas\u0131 D\u00fcnya \u00c7empionat\u0131n\u0131n yar\u0131mfinal\u0131nda \u0130spaniyaya qar\u015f\u0131 oyun plan\u0131n\u0131 yerin\u0259 yetir\u0259 bilm\u0259di. Ucnoqta.az\u00a0x\u0259b\u0259r verir ki, ESPN-in verdiyi m\u0259lumata g\u00f6r\u0259, bunu Fransa kapitan\u0131 v\u0259 h\u00fccum\u00e7usu Kilian Mbappe bildirib. &#8220;\u0130st\u0259diyimiz oyunu&hellip;<\/p>\n","protected":false},"author":2,"featured_media":249680,"comment_status":"closed","ping_status":"closed","sticky":false,"template":"","format":"standard","meta":{"_lmt_disableupdate":"","_lmt_disable":"","footnotes":""},"categories":[90],"tags":[],"class_list":["post-249679","post","type-post","status-publish","format-standard","has-post-thumbnail","hentry","category-idman-butun-xeberler"],"_links":{"self":[{"href":"https:\/\/ucnoqta.az\/index.php?rest_route=\/wp\/v2\/posts\/249679","targetHints":{"allow":["GET"]}}],"collection":[{"href":"https:\/\/ucnoqta.az\/index.php?rest_route=\/wp\/v2\/posts"}],"about":[{"href":"https:\/\/ucnoqta.az\/index.php?rest_route=\/wp\/v2\/types\/post"}],"author":[{"embeddable":true,"href":"https:\/\/ucnoqta.az\/index.php?rest_route=\/wp\/v2\/users\/2"}],"replies":[{"embeddable":true,"href":"https:\/\/ucnoqta.az\/index.php?rest_route=%2Fwp%2Fv2%2Fcomments&post=249679"}],"version-history":[{"count":0,"href":"https:\/\/ucnoqta.az\/index.php?rest_route=\/wp\/v2\/posts\/249679\/revisions"}],"wp:featuredmedia":[{"embeddable":true,"href":"https:\/\/ucnoqta.az\/index.php?rest_route=\/wp\/v2\/media\/249680"}],"wp:attachment":[{"href":"https:\/\/ucnoqta.az\/index.php?rest_route=%2Fwp%2Fv2%2Fmedia&parent=249679"}],"wp:term":[{"taxonomy":"category","embeddable":true,"href":"https:\/\/ucnoqta.az\/index.php?rest_route=%2Fwp%2Fv2%2Fcategories&post=249679"},{"taxonomy":"post_tag","embeddable":true,"href":"https:\/\/ucnoqta.az\/index.php?rest_route=%2Fwp%2Fv2%2Ftags&post=249679"}],"curies":[{"name":"wp","href":"https:\/\/api.w.org\/{rel}","templated":true}]}}