{"id":249568,"date":"2026-07-14T10:02:42","date_gmt":"2026-07-14T06:02:42","guid":{"rendered":"https:\/\/ucnoqta.az\/?p=249568"},"modified":"2026-07-14T10:02:42","modified_gmt":"2026-07-14T06:02:42","slug":"muharib%c9%99-bits%c9%99-d%c9%99-informasiya-savasi-davam-edir-hikm%c9%99t-haciyev","status":"publish","type":"post","link":"https:\/\/ucnoqta.az\/?p=249568","title":{"rendered":"M\u00fcharib\u0259 bits\u0259 d\u0259, informasiya sava\u015f\u0131 davam edir &#8211; Hikm\u0259t Hac\u0131yev"},"content":{"rendered":"<p><strong>Qlobal median\u0131n g\u0259l\u0259c\u0259yini m\u00fczakir\u0259 etm\u0259k \u00fc\u00e7\u00fcn \u015eu\u015fa Qlobal Media Forumundan daha uy\u011fun m\u0259kan tapmaq \u00e7\u0259tindir. \u015eu\u015fa yaln\u0131z \u015f\u0259h\u0259r deyil, h\u0259m d\u0259 bir r\u0259mzdir. \u018fsrl\u0259r boyu bura \u0259d\u0259biyyat\u0131n, musiqinin, jurnalistikan\u0131n v\u0259 ictimai fikrin \u00e7i\u00e7\u0259kl\u0259ndiyi intellektual v\u0259 m\u0259d\u0259ni m\u00fczakir\u0259 m\u0259kanlar\u0131ndan biri olub. Haz\u0131rda is\u0259 bura dialoqun, ideyalar\u0131n v\u0259 beyn\u0259lxalq \u0259m\u0259kda\u015fl\u0131\u011f\u0131n yenid\u0259n quruldu\u011fu m\u0259kana \u00e7evrilir.<\/strong><\/p>\n<p><a href=\"https:\/\/ucnoqta.az\/news\/246578\/\">Ucnoqta.az<\/a>\u00a0x\u0259b\u0259r verir ki, bu s\u00f6zl\u0259ri Az\u0259rbaycan Respublikas\u0131 Prezidentinin k\u00f6m\u0259k\u00e7isi \u2013 Prezident Administrasiyas\u0131n\u0131n Xarici siyas\u0259t m\u0259s\u0259l\u0259l\u0259ri \u015f\u00f6b\u0259sinin m\u00fcdiri Hikm\u0259t Hac\u0131yev \u015eu\u015fada ke\u00e7iril\u0259n \u201cS\u00fclh\u00fcn t\u0259\u015fviqind\u0259 median\u0131n missiyas\u0131: H\u0259qiq\u0259tin b\u0259rpas\u0131 v\u0259 etimad\u0131n yenid\u0259n qurulmas\u0131\u201d m\u00f6vzusunda IV \u015eu\u015fa Qlobal Media Forumunda \u00e7\u0131x\u0131\u015f\u0131 zaman\u0131 deyib.<\/p>\n<p>O qeyd edib ki, \u015eu\u015fa Qlobal Media Forumu sad\u0259c\u0259 konfrans deyil, jurnalistl\u0259rin, siyas\u0259t\u00e7il\u0259rin, akademik v\u0259 texnologiya liderl\u0259rinin median\u0131n median\u0131n \u0259n vacib d\u0259y\u0259rl\u0259rind\u0259n birini, y\u0259ni h\u0259qiq\u0259ti v\u0259 faktlar\u0131 qoruyub saxlamaq yollar\u0131 ara\u015fd\u0131rmaq \u00fc\u00e7\u00fcn platformad\u0131r. \u00c7\u00fcnk\u00fc haz\u0131rda informasiya v\u0259 dezinformasiyan\u0131n \u00e7ox s\u00fcr\u0259tl\u0259 yay\u0131l\u0131r. Etimad is\u0259 \u00e7ox vaxt v\u0259 m\u00fct\u0259madi olaraq gerid\u0259 qal\u0131r. S\u00fcni intellekt jurnalistikan\u0131 yenid\u0259n formala\u015fd\u0131r\u0131r.<\/p>\n<p>\u201c\u0130ndi s\u00fclh t\u0259kc\u0259 diplomatiyadan deyil, h\u0259m d\u0259 m\u0259suliyy\u0259tli kommunikasiyadan as\u0131l\u0131d\u0131r. M\u00fcnaqi\u015f\u0259l\u0259r yaln\u0131z d\u00f6y\u00fc\u015f meydan\u0131nda deyil, h\u0259m d\u0259 informasiya m\u0259kan\u0131nda apar\u0131l\u0131r. \u0130ndi Erm\u0259nistan c\u0259miyy\u0259tinin b\u0259zi dair\u0259l\u0259rind\u0259 revan\u015fist q\u00fcvv\u0259l\u0259r h\u0259l\u0259 d\u0259 ba\u015f qald\u0131rmaqda davam etdiyi bir vaxtda, median\u0131n t\u0259hrifl\u0259r\u0259 m\u00fcqavim\u0259t g\u00f6st\u0259rm\u0259k, nifr\u0259ti r\u0259dd etm\u0259k v\u0259 h\u0259qiq\u0259ti m\u00fcdafi\u0259 etm\u0259k m\u0259suliyy\u0259ti daha da art\u0131r. M\u00fcnaqi\u015f\u0259 art\u0131q bits\u0259 d\u0259, Erm\u0259nistan medias\u0131nda revan\u015fist q\u00fcvv\u0259l\u0259r h\u0259l\u0259 d\u0259 \u00fcst\u00fcnl\u00fck t\u0259\u015fkil edir. H\u0259tta b\u0259zi beyn\u0259lxalq media qurumlar\u0131 da bizi yenid\u0259n m\u00fcnaqi\u015f\u0259nin ba\u015flad\u0131\u011f\u0131 &#8220;s\u0131f\u0131r n\u00f6qt\u0259sin\u0259&#8221; geri s\u00fcr\u00fckl\u0259m\u0259y\u0259 \u00e7al\u0131\u015f\u0131rlar\u201d, &#8211; dey\u0259 Hikm\u0259t Hac\u0131yev bildirib.<\/p>\n","protected":false},"excerpt":{"rendered":"<p>Qlobal median\u0131n g\u0259l\u0259c\u0259yini m\u00fczakir\u0259 etm\u0259k \u00fc\u00e7\u00fcn \u015eu\u015fa Qlobal Media Forumundan daha uy\u011fun m\u0259kan tapmaq \u00e7\u0259tindir. \u015eu\u015fa yaln\u0131z \u015f\u0259h\u0259r deyil, h\u0259m d\u0259 bir r\u0259mzdir. \u018fsrl\u0259r boyu bura \u0259d\u0259biyyat\u0131n, musiqinin, jurnalistikan\u0131n v\u0259&hellip;<\/p>\n","protected":false},"author":1,"featured_media":249569,"comment_status":"closed","ping_status":"closed","sticky":false,"template":"","format":"standard","meta":{"_lmt_disableupdate":"","_lmt_disable":"","footnotes":""},"categories":[111,86],"tags":[],"class_list":["post-249568","post","type-post","status-publish","format-standard","has-post-thumbnail","hentry","category-manset","category-siyaset"],"_links":{"self":[{"href":"https:\/\/ucnoqta.az\/index.php?rest_route=\/wp\/v2\/posts\/249568","targetHints":{"allow":["GET"]}}],"collection":[{"href":"https:\/\/ucnoqta.az\/index.php?rest_route=\/wp\/v2\/posts"}],"about":[{"href":"https:\/\/ucnoqta.az\/index.php?rest_route=\/wp\/v2\/types\/post"}],"author":[{"embeddable":true,"href":"https:\/\/ucnoqta.az\/index.php?rest_route=\/wp\/v2\/users\/1"}],"replies":[{"embeddable":true,"href":"https:\/\/ucnoqta.az\/index.php?rest_route=%2Fwp%2Fv2%2Fcomments&post=249568"}],"version-history":[{"count":0,"href":"https:\/\/ucnoqta.az\/index.php?rest_route=\/wp\/v2\/posts\/249568\/revisions"}],"wp:featuredmedia":[{"embeddable":true,"href":"https:\/\/ucnoqta.az\/index.php?rest_route=\/wp\/v2\/media\/249569"}],"wp:attachment":[{"href":"https:\/\/ucnoqta.az\/index.php?rest_route=%2Fwp%2Fv2%2Fmedia&parent=249568"}],"wp:term":[{"taxonomy":"category","embeddable":true,"href":"https:\/\/ucnoqta.az\/index.php?rest_route=%2Fwp%2Fv2%2Fcategories&post=249568"},{"taxonomy":"post_tag","embeddable":true,"href":"https:\/\/ucnoqta.az\/index.php?rest_route=%2Fwp%2Fv2%2Ftags&post=249568"}],"curies":[{"name":"wp","href":"https:\/\/api.w.org\/{rel}","templated":true}]}}