{"id":248857,"date":"2026-07-09T11:17:10","date_gmt":"2026-07-09T07:17:10","guid":{"rendered":"https:\/\/ucnoqta.az\/?p=248857"},"modified":"2026-07-09T11:17:10","modified_gmt":"2026-07-09T07:17:10","slug":"fransa-t%c9%99yyar%c9%99dasiyan-g%c9%99mini-hormuz-bogazina-qaytarmayacaq","status":"publish","type":"post","link":"https:\/\/ucnoqta.az\/?p=248857","title":{"rendered":"Fransa t\u0259yyar\u0259da\u015f\u0131yan g\u0259mini H\u00f6rm\u00fcz bo\u011faz\u0131na qaytarmayacaq"},"content":{"rendered":"<p><strong>Fransan\u0131n bu yax\u0131nlarda H\u00f6rm\u00fcz bo\u011faz\u0131 yax\u0131nl\u0131\u011f\u0131ndak\u0131 missiyadan sonra Fransa sahill\u0259rin\u0259 yola d\u00fc\u015f\u0259n &#8220;\u015earl de Qoll&#8221; t\u0259yyar\u0259da\u015f\u0131yan g\u0259misini geri qaytarmaq plan\u0131 yoxdur.<\/strong><\/p>\n<p>Ucnoqta.az x\u0259b\u0259r verir ki, bu bar\u0259d\u0259 Fransan\u0131n xarici i\u015fl\u0259r naziri Jan-Noel Barro bildirib.<\/p>\n<p>Nazir TF1-d\u0259 s\u0259h\u0259r proqram\u0131n\u0131n apar\u0131c\u0131s\u0131n\u0131n bu m\u0259s\u0259l\u0259 il\u0259 ba\u011fl\u0131 sual\u0131na &#8220;Xeyr&#8221; cavab\u0131n\u0131 verib.<br \/>\nO xat\u0131rlad\u0131b ki, Fransa art\u0131q H\u00f6rm\u00fcz bo\u011faz\u0131n\u0131n t\u0259hl\u00fck\u0259sizliyini t\u0259min etm\u0259k \u00fc\u00e7\u00fcn h\u0259rbi q\u00fcvv\u0259l\u0259rini yerl\u0259\u015fdirm\u0259y\u0259 haz\u0131r oldu\u011funu bildirib:<br \/>\n&#8220;\u018flb\u0259tt\u0259 ki, sakitliyin b\u0259rpa olunaca\u011f\u0131na v\u0259 mina t\u0259mizl\u0259m\u0259 \u0259m\u0259liyyatlar\u0131n\u0131n m\u00fcmk\u00fcn q\u0259d\u0259r tez h\u0259yata ke\u00e7iril\u0259c\u0259yin\u0259 \u00fcmid edirik. Bu, g\u0259mi\u00e7iliyin b\u0259rpas\u0131 v\u0259 karbohidrogen qiym\u0259tl\u0259rin\u0259 t\u0259zyiq\u0259 son qoymaq \u00fc\u00e7\u00fcn laz\u0131md\u0131r&#8221;, &#8211; dey\u0259 nazir \u0259lav\u0259 edib.<\/p>\n","protected":false},"excerpt":{"rendered":"<p>Fransan\u0131n bu yax\u0131nlarda H\u00f6rm\u00fcz bo\u011faz\u0131 yax\u0131nl\u0131\u011f\u0131ndak\u0131 missiyadan sonra Fransa sahill\u0259rin\u0259 yola d\u00fc\u015f\u0259n &#8220;\u015earl de Qoll&#8221; t\u0259yyar\u0259da\u015f\u0131yan g\u0259misini geri qaytarmaq plan\u0131 yoxdur. Ucnoqta.az x\u0259b\u0259r verir ki, bu bar\u0259d\u0259 Fransan\u0131n xarici i\u015fl\u0259r&hellip;<\/p>\n","protected":false},"author":2,"featured_media":248858,"comment_status":"closed","ping_status":"closed","sticky":false,"template":"","format":"standard","meta":{"_lmt_disableupdate":"","_lmt_disable":"","footnotes":""},"categories":[89],"tags":[],"class_list":["post-248857","post","type-post","status-publish","format-standard","has-post-thumbnail","hentry","category-dunya-butun-xeberler"],"_links":{"self":[{"href":"https:\/\/ucnoqta.az\/index.php?rest_route=\/wp\/v2\/posts\/248857","targetHints":{"allow":["GET"]}}],"collection":[{"href":"https:\/\/ucnoqta.az\/index.php?rest_route=\/wp\/v2\/posts"}],"about":[{"href":"https:\/\/ucnoqta.az\/index.php?rest_route=\/wp\/v2\/types\/post"}],"author":[{"embeddable":true,"href":"https:\/\/ucnoqta.az\/index.php?rest_route=\/wp\/v2\/users\/2"}],"replies":[{"embeddable":true,"href":"https:\/\/ucnoqta.az\/index.php?rest_route=%2Fwp%2Fv2%2Fcomments&post=248857"}],"version-history":[{"count":0,"href":"https:\/\/ucnoqta.az\/index.php?rest_route=\/wp\/v2\/posts\/248857\/revisions"}],"wp:featuredmedia":[{"embeddable":true,"href":"https:\/\/ucnoqta.az\/index.php?rest_route=\/wp\/v2\/media\/248858"}],"wp:attachment":[{"href":"https:\/\/ucnoqta.az\/index.php?rest_route=%2Fwp%2Fv2%2Fmedia&parent=248857"}],"wp:term":[{"taxonomy":"category","embeddable":true,"href":"https:\/\/ucnoqta.az\/index.php?rest_route=%2Fwp%2Fv2%2Fcategories&post=248857"},{"taxonomy":"post_tag","embeddable":true,"href":"https:\/\/ucnoqta.az\/index.php?rest_route=%2Fwp%2Fv2%2Ftags&post=248857"}],"curies":[{"name":"wp","href":"https:\/\/api.w.org\/{rel}","templated":true}]}}