{"id":248851,"date":"2026-07-09T10:48:44","date_gmt":"2026-07-09T06:48:44","guid":{"rendered":"https:\/\/ucnoqta.az\/?p=248851"},"modified":"2026-07-09T10:48:44","modified_gmt":"2026-07-09T06:48:44","slug":"bu-pes%c9%99-liseyind%c9%99-direktor-t%c9%99yinati-oldu-foto","status":"publish","type":"post","link":"https:\/\/ucnoqta.az\/?p=248851","title":{"rendered":"Bu Pe\u015f\u0259 Liseyind\u0259 direktor t\u0259yinat\u0131 oldu &#8211; FOTO"},"content":{"rendered":"<p><strong>Arzu \u018fliyeva S\u00fcbhan Rahim o\u011flu C\u0259bray\u0131lov ad\u0131na Salyan Pe\u015f\u0259 Liseyinin direktoru v\u0259zif\u0259sin\u0259 t\u0259yin edilib.<\/strong><\/p>\n<p>Ucnoqta.az Pe\u015f\u0259 T\u0259hsili \u00fczr\u0259 D\u00f6vl\u0259t Agentliyin\u0259 istinad\u0259n x\u0259b\u0259r verir ki, Arzu \u018fliyeva 2012-ci ild\u0259 Bak\u0131 Avrasiya Universitetind\u0259 \u201cAz\u0259rbaycan dili v\u0259 \u0259d\u0259biyyat\u0131\u201d ixtisas\u0131 \u00fczr\u0259 bakalavriat t\u0259hsili al\u0131b. Az\u0259rbaycan D\u00f6vl\u0259t \u0130qtisad Universitetind\u0259 \u2018\u2019D\u00f6vl\u0259t v\u0259 b\u0259l\u0259diyy\u0259 idar\u0259etm\u0259si\u2019\u2019 ixtisas\u0131 \u00fczr\u0259 \u0259lav\u0259 t\u0259hsil al\u0131r.<\/p>\n<p>\u018fm\u0259k f\u0259aliyy\u0259ti d\u00f6vr\u00fcnd\u0259 Saatl\u0131 v\u0259 Salyan rayonlar\u0131n\u0131n \u00fcmumi t\u0259hsil m\u00fc\u0259ssis\u0259l\u0259rind\u0259 m\u00fc\u0259llim, direktor m\u00fcavini v\u0259 direktor v\u0259zif\u0259l\u0259rind\u0259 \u00e7al\u0131\u015f\u0131b.<br \/>\n2024-c\u00fc il 30 aprel tarixind\u0259 Salyan rayonu \u00c7ad\u0131rl\u0131 k\u0259nd \u00fcmumi orta m\u0259kt\u0259bin\u0259 t\u0259lim-t\u0259rbiy\u0259 i\u015fl\u0259ri \u00fczr\u0259 direktor m\u00fcavini v\u0259zif\u0259sin\u0259 t\u0259yin olunub, 2025-ci il 15 iyun tarixind\u0259n is\u0259 h\u0259min m\u0259kt\u0259bin direktoru v\u0259zif\u0259sind\u0259 f\u0259aliyy\u0259tini davam etdirib.<\/p>\n","protected":false},"excerpt":{"rendered":"<p>Arzu \u018fliyeva S\u00fcbhan Rahim o\u011flu C\u0259bray\u0131lov ad\u0131na Salyan Pe\u015f\u0259 Liseyinin direktoru v\u0259zif\u0259sin\u0259 t\u0259yin edilib. Ucnoqta.az Pe\u015f\u0259 T\u0259hsili \u00fczr\u0259 D\u00f6vl\u0259t Agentliyin\u0259 istinad\u0259n x\u0259b\u0259r verir ki, Arzu \u018fliyeva 2012-ci ild\u0259 Bak\u0131 Avrasiya&hellip;<\/p>\n","protected":false},"author":2,"featured_media":248852,"comment_status":"closed","ping_status":"closed","sticky":false,"template":"","format":"standard","meta":{"_lmt_disableupdate":"","_lmt_disable":"","footnotes":""},"categories":[91],"tags":[],"class_list":["post-248851","post","type-post","status-publish","format-standard","has-post-thumbnail","hentry","category-olkeici"],"_links":{"self":[{"href":"https:\/\/ucnoqta.az\/index.php?rest_route=\/wp\/v2\/posts\/248851","targetHints":{"allow":["GET"]}}],"collection":[{"href":"https:\/\/ucnoqta.az\/index.php?rest_route=\/wp\/v2\/posts"}],"about":[{"href":"https:\/\/ucnoqta.az\/index.php?rest_route=\/wp\/v2\/types\/post"}],"author":[{"embeddable":true,"href":"https:\/\/ucnoqta.az\/index.php?rest_route=\/wp\/v2\/users\/2"}],"replies":[{"embeddable":true,"href":"https:\/\/ucnoqta.az\/index.php?rest_route=%2Fwp%2Fv2%2Fcomments&post=248851"}],"version-history":[{"count":0,"href":"https:\/\/ucnoqta.az\/index.php?rest_route=\/wp\/v2\/posts\/248851\/revisions"}],"wp:featuredmedia":[{"embeddable":true,"href":"https:\/\/ucnoqta.az\/index.php?rest_route=\/wp\/v2\/media\/248852"}],"wp:attachment":[{"href":"https:\/\/ucnoqta.az\/index.php?rest_route=%2Fwp%2Fv2%2Fmedia&parent=248851"}],"wp:term":[{"taxonomy":"category","embeddable":true,"href":"https:\/\/ucnoqta.az\/index.php?rest_route=%2Fwp%2Fv2%2Fcategories&post=248851"},{"taxonomy":"post_tag","embeddable":true,"href":"https:\/\/ucnoqta.az\/index.php?rest_route=%2Fwp%2Fv2%2Ftags&post=248851"}],"curies":[{"name":"wp","href":"https:\/\/api.w.org\/{rel}","templated":true}]}}