{"id":248839,"date":"2026-07-09T10:41:01","date_gmt":"2026-07-09T06:41:01","guid":{"rendered":"https:\/\/ucnoqta.az\/?p=248839"},"modified":"2026-07-09T10:41:01","modified_gmt":"2026-07-09T06:41:01","slug":"erm%c9%99nistanla-13-kilometr%c9%99-yaxin-dovl%c9%99t-s%c9%99rh%c9%99di-delimitasiya-edilib-ceyhun-bayramov","status":"publish","type":"post","link":"https:\/\/ucnoqta.az\/?p=248839","title":{"rendered":"Erm\u0259nistanla 13 kilometr\u0259 yax\u0131n d\u00f6vl\u0259t s\u0259rh\u0259di delimitasiya edilib &#8211; Ceyhun Bayramov"},"content":{"rendered":"<p><strong>Erm\u0259nistanla 13 kilometr\u0259 yax\u0131n d\u00f6vl\u0259t s\u0259rh\u0259di delimitasiya edilib, o \u0259razil\u0259rd\u0259 demarkasiya i\u015fl\u0259ri d\u0259 g\u00f6r\u00fcl\u00fcb.<\/strong><\/p>\n<p>Ucnoqta.az x\u0259b\u0259r verir ki, xarici i\u015fl\u0259r naziri Ceyhun Bayramov bu fikirl\u0259ri 9 \u0130yul &#8211; Az\u0259rbaycan Respublikas\u0131 diplomatik xidm\u0259t orqanlar\u0131 \u0259m\u0259kda\u015flar\u0131n\u0131n pe\u015f\u0259 bayram\u0131 il\u0259 il\u0259 \u0259laq\u0259dar F\u0259xri xiyaban\u0131 ziyar\u0259ti sonras\u0131 jurnalistl\u0259r\u0259 a\u00e7\u0131qlamas\u0131nda deyib.<\/p>\n<p>Nazirin s\u00f6zl\u0259rin\u0259 g\u00f6r\u0259, apar\u0131lan i\u015fin ilkin m\u00fcsb\u0259t n\u0259tic\u0259l\u0259ri m\u00fc\u015fahid\u0259 olunub.<\/p>\n<p>&#8220;Delimitasiya prosesi istiqam\u0259tind\u0259 iki \u00f6lk\u0259 aras\u0131nda i\u015f gedir. H\u0259r iki \u00f6lk\u0259 s\u0259viyy\u0259sind\u0259 bununla ba\u011fl\u0131 komissiya yarad\u0131l\u0131b. \u00c7oxsayl\u0131 normativ aktlar da q\u0259bul edilib. B\u0259lli bir raz\u0131la\u015fmalar \u0259ld\u0259 edilib ki, delimitasiya \u015fimaldan c\u0259nuba do\u011fru davam edir. S\u00fclh sazi\u015finin yekunka\u015fd\u0131r\u0131lmas\u0131 il\u0259 Az\u0259rbaycan t\u0259r\u0259finin \u00fcz\u0259rin\u0259 d\u00fc\u015f\u0259n b\u00fct\u00fcn i\u015fl\u0259r tamamlan\u0131b&#8221;, &#8211; dey\u0259 o bildirib.<\/p>\n","protected":false},"excerpt":{"rendered":"<p>Erm\u0259nistanla 13 kilometr\u0259 yax\u0131n d\u00f6vl\u0259t s\u0259rh\u0259di delimitasiya edilib, o \u0259razil\u0259rd\u0259 demarkasiya i\u015fl\u0259ri d\u0259 g\u00f6r\u00fcl\u00fcb. Ucnoqta.az x\u0259b\u0259r verir ki, xarici i\u015fl\u0259r naziri Ceyhun Bayramov bu fikirl\u0259ri 9 \u0130yul &#8211; Az\u0259rbaycan Respublikas\u0131&hellip;<\/p>\n","protected":false},"author":2,"featured_media":248840,"comment_status":"closed","ping_status":"closed","sticky":false,"template":"","format":"standard","meta":{"_lmt_disableupdate":"","_lmt_disable":"","footnotes":""},"categories":[86],"tags":[],"class_list":["post-248839","post","type-post","status-publish","format-standard","has-post-thumbnail","hentry","category-siyaset"],"_links":{"self":[{"href":"https:\/\/ucnoqta.az\/index.php?rest_route=\/wp\/v2\/posts\/248839","targetHints":{"allow":["GET"]}}],"collection":[{"href":"https:\/\/ucnoqta.az\/index.php?rest_route=\/wp\/v2\/posts"}],"about":[{"href":"https:\/\/ucnoqta.az\/index.php?rest_route=\/wp\/v2\/types\/post"}],"author":[{"embeddable":true,"href":"https:\/\/ucnoqta.az\/index.php?rest_route=\/wp\/v2\/users\/2"}],"replies":[{"embeddable":true,"href":"https:\/\/ucnoqta.az\/index.php?rest_route=%2Fwp%2Fv2%2Fcomments&post=248839"}],"version-history":[{"count":0,"href":"https:\/\/ucnoqta.az\/index.php?rest_route=\/wp\/v2\/posts\/248839\/revisions"}],"wp:featuredmedia":[{"embeddable":true,"href":"https:\/\/ucnoqta.az\/index.php?rest_route=\/wp\/v2\/media\/248840"}],"wp:attachment":[{"href":"https:\/\/ucnoqta.az\/index.php?rest_route=%2Fwp%2Fv2%2Fmedia&parent=248839"}],"wp:term":[{"taxonomy":"category","embeddable":true,"href":"https:\/\/ucnoqta.az\/index.php?rest_route=%2Fwp%2Fv2%2Fcategories&post=248839"},{"taxonomy":"post_tag","embeddable":true,"href":"https:\/\/ucnoqta.az\/index.php?rest_route=%2Fwp%2Fv2%2Ftags&post=248839"}],"curies":[{"name":"wp","href":"https:\/\/api.w.org\/{rel}","templated":true}]}}