{"id":248835,"date":"2026-07-09T10:32:03","date_gmt":"2026-07-09T06:32:03","guid":{"rendered":"https:\/\/ucnoqta.az\/?p=248835"},"modified":"2026-07-09T10:32:03","modified_gmt":"2026-07-09T06:32:03","slug":"onlar-boyuk-bir-od%c9%99nis-etm%c9%99y%c9%99-razilasdilar-tramp","status":"publish","type":"post","link":"https:\/\/ucnoqta.az\/?p=248835","title":{"rendered":"Onlar b\u00f6y\u00fck bir \u00f6d\u0259ni\u015f etm\u0259y\u0259 raz\u0131la\u015fd\u0131lar, &#8230; &#8211; Tramp"},"content":{"rendered":"<p><strong>AB\u015e prezidenti Donald Tramp Madridi \u0130ran \u0259m\u0259liyyat\u0131n\u0131 d\u0259st\u0259kl\u0259m\u0259kd\u0259 t\u0259r\u0259dd\u00fcd etdiyin\u0259 g\u00f6r\u0259 t\u0259nqid etdikd\u0259n v\u0259 ticar\u0259ti dayand\u0131rmaqla h\u0259d\u0259l\u0259m\u0259sind\u0259n sonra \u0130spaniyan\u0131n &#8220;islahatlar&#8221; etdiyini bildirib.<\/strong><\/p>\n<p>Ucnoqta.az x\u0259b\u0259r verir ki, Bloomberg Tramp\u0131n s\u00f6zl\u0259rini sitat g\u0259tirib.<br \/>\n\u200b\u200b\u200b\u200b\u200b\u200b\u200b&#8221;Probleml\u0259rimiz var idi, h\u0259l\u0259 d\u0259 var, amma \u0130spaniya islahatlar apar\u0131b. Dedim ki, ticar\u0259ti dayand\u0131raca\u011fam. Onlar b\u00f6y\u00fck bir \u00f6d\u0259ni\u015f etm\u0259y\u0259 raz\u0131la\u015fd\u0131lar, \u0259ks halda onlarla dan\u0131\u015fmazd\u0131q&#8221;, &#8211; dey\u0259 o, bildirib.<\/p>\n","protected":false},"excerpt":{"rendered":"<p>AB\u015e prezidenti Donald Tramp Madridi \u0130ran \u0259m\u0259liyyat\u0131n\u0131 d\u0259st\u0259kl\u0259m\u0259kd\u0259 t\u0259r\u0259dd\u00fcd etdiyin\u0259 g\u00f6r\u0259 t\u0259nqid etdikd\u0259n v\u0259 ticar\u0259ti dayand\u0131rmaqla h\u0259d\u0259l\u0259m\u0259sind\u0259n sonra \u0130spaniyan\u0131n &#8220;islahatlar&#8221; etdiyini bildirib. Ucnoqta.az x\u0259b\u0259r verir ki, Bloomberg Tramp\u0131n s\u00f6zl\u0259rini sitat&hellip;<\/p>\n","protected":false},"author":2,"featured_media":248836,"comment_status":"closed","ping_status":"closed","sticky":false,"template":"","format":"standard","meta":{"_lmt_disableupdate":"","_lmt_disable":"","footnotes":""},"categories":[89],"tags":[],"class_list":["post-248835","post","type-post","status-publish","format-standard","has-post-thumbnail","hentry","category-dunya-butun-xeberler"],"_links":{"self":[{"href":"https:\/\/ucnoqta.az\/index.php?rest_route=\/wp\/v2\/posts\/248835","targetHints":{"allow":["GET"]}}],"collection":[{"href":"https:\/\/ucnoqta.az\/index.php?rest_route=\/wp\/v2\/posts"}],"about":[{"href":"https:\/\/ucnoqta.az\/index.php?rest_route=\/wp\/v2\/types\/post"}],"author":[{"embeddable":true,"href":"https:\/\/ucnoqta.az\/index.php?rest_route=\/wp\/v2\/users\/2"}],"replies":[{"embeddable":true,"href":"https:\/\/ucnoqta.az\/index.php?rest_route=%2Fwp%2Fv2%2Fcomments&post=248835"}],"version-history":[{"count":0,"href":"https:\/\/ucnoqta.az\/index.php?rest_route=\/wp\/v2\/posts\/248835\/revisions"}],"wp:featuredmedia":[{"embeddable":true,"href":"https:\/\/ucnoqta.az\/index.php?rest_route=\/wp\/v2\/media\/248836"}],"wp:attachment":[{"href":"https:\/\/ucnoqta.az\/index.php?rest_route=%2Fwp%2Fv2%2Fmedia&parent=248835"}],"wp:term":[{"taxonomy":"category","embeddable":true,"href":"https:\/\/ucnoqta.az\/index.php?rest_route=%2Fwp%2Fv2%2Fcategories&post=248835"},{"taxonomy":"post_tag","embeddable":true,"href":"https:\/\/ucnoqta.az\/index.php?rest_route=%2Fwp%2Fv2%2Ftags&post=248835"}],"curies":[{"name":"wp","href":"https:\/\/api.w.org\/{rel}","templated":true}]}}