{"id":248773,"date":"2026-07-08T20:37:02","date_gmt":"2026-07-08T16:37:02","guid":{"rendered":"https:\/\/ucnoqta.az\/?p=248773"},"modified":"2026-07-08T20:37:02","modified_gmt":"2026-07-08T16:37:02","slug":"erm%c9%99nistanin-aii-il%c9%99-bagli-probleml%c9%99ri-var-pasinyan","status":"publish","type":"post","link":"https:\/\/ucnoqta.az\/?p=248773","title":{"rendered":"Erm\u0259nistan\u0131n A\u0130\u0130 il\u0259 ba\u011fl\u0131 probleml\u0259ri var &#8211; Pa\u015finyan"},"content":{"rendered":"<p><strong>Erm\u0259nistan\u0131n Ba\u015f naziri Nikol Pa\u015finyan prezident Vaaqn Xa\u00e7aturyanla g\u00f6r\u00fc\u015fd\u0259 \u00f6lk\u0259nin Avrasiya \u0130qtisadi \u0130qtisadi (A\u0130\u0130) daxilind\u0259 m\u00fc\u0259yy\u0259n \u00e7\u0259tinlikl\u0259rl\u0259 \u00fczl\u0259\u015fdiyini\u00a0v\u0259 bu \u00e7\u0259tinlikl\u0259rin h\u0259lli \u00fc\u00e7\u00fcn yeni imkanlar a\u00e7d\u0131\u011f\u0131n\u0131 bildirdi.<\/strong><\/p>\n<p><a href=\"https:\/\/ucnoqta.az\/news\/246286\/\">Ucnoqta.az<\/a>\u00a0x\u0259b\u0259r verir ki, Erm\u0259nistan Nazirl\u0259r Kabinetinin m\u0259tbuat xidm\u0259ti Pa\u015finyan\u0131n s\u00f6zl\u0259rni qeyd edib.<br \/>\n&#8220;Bildiyiniz kimi, A\u0130\u0130 il\u0259 ba\u011fl\u0131 m\u00fc\u0259yy\u0259n probleml\u0259r yaransa da, probleml\u0259rin yarand\u0131\u011f\u0131 yerd\u0259 yeni imkanlar da ortaya \u00e7\u0131x\u0131r. Bu, he\u00e7 bir \u00e7\u0259tinlik olmayaca\u011f\u0131 anlam\u0131na g\u0259lmir. D\u00fc\u015f\u00fcn\u00fcr\u0259m ki, \u00e7\u0259tinlikl\u0259r h\u0259mi\u015f\u0259, h\u0259r g\u00fcn m\u00f6vcuddur. Sual budur ki, onlar\u0131 n\u0259 d\u0259r\u0259c\u0259d\u0259 yax\u015f\u0131 idar\u0259 ed\u0259 bil\u0259rik. \u018fmin\u0259m ki, sizin d\u0259st\u0259yinizl\u0259 d\u0259 daxil olmaqla, onlar\u0131 u\u011furla idar\u0259 ed\u0259c\u0259yik&#8221;, &#8211; dey\u0259 s\u00f6zl\u0259rini sitat g\u0259tirib.<\/p>\n","protected":false},"excerpt":{"rendered":"<p>Erm\u0259nistan\u0131n Ba\u015f naziri Nikol Pa\u015finyan prezident Vaaqn Xa\u00e7aturyanla g\u00f6r\u00fc\u015fd\u0259 \u00f6lk\u0259nin Avrasiya \u0130qtisadi \u0130qtisadi (A\u0130\u0130) daxilind\u0259 m\u00fc\u0259yy\u0259n \u00e7\u0259tinlikl\u0259rl\u0259 \u00fczl\u0259\u015fdiyini\u00a0v\u0259 bu \u00e7\u0259tinlikl\u0259rin h\u0259lli \u00fc\u00e7\u00fcn yeni imkanlar a\u00e7d\u0131\u011f\u0131n\u0131 bildirdi. Ucnoqta.az\u00a0x\u0259b\u0259r verir ki, Erm\u0259nistan&hellip;<\/p>\n","protected":false},"author":2,"featured_media":248774,"comment_status":"closed","ping_status":"closed","sticky":false,"template":"","format":"standard","meta":{"_lmt_disableupdate":"","_lmt_disable":"","footnotes":""},"categories":[89],"tags":[],"class_list":["post-248773","post","type-post","status-publish","format-standard","has-post-thumbnail","hentry","category-dunya-butun-xeberler"],"_links":{"self":[{"href":"https:\/\/ucnoqta.az\/index.php?rest_route=\/wp\/v2\/posts\/248773","targetHints":{"allow":["GET"]}}],"collection":[{"href":"https:\/\/ucnoqta.az\/index.php?rest_route=\/wp\/v2\/posts"}],"about":[{"href":"https:\/\/ucnoqta.az\/index.php?rest_route=\/wp\/v2\/types\/post"}],"author":[{"embeddable":true,"href":"https:\/\/ucnoqta.az\/index.php?rest_route=\/wp\/v2\/users\/2"}],"replies":[{"embeddable":true,"href":"https:\/\/ucnoqta.az\/index.php?rest_route=%2Fwp%2Fv2%2Fcomments&post=248773"}],"version-history":[{"count":0,"href":"https:\/\/ucnoqta.az\/index.php?rest_route=\/wp\/v2\/posts\/248773\/revisions"}],"wp:featuredmedia":[{"embeddable":true,"href":"https:\/\/ucnoqta.az\/index.php?rest_route=\/wp\/v2\/media\/248774"}],"wp:attachment":[{"href":"https:\/\/ucnoqta.az\/index.php?rest_route=%2Fwp%2Fv2%2Fmedia&parent=248773"}],"wp:term":[{"taxonomy":"category","embeddable":true,"href":"https:\/\/ucnoqta.az\/index.php?rest_route=%2Fwp%2Fv2%2Fcategories&post=248773"},{"taxonomy":"post_tag","embeddable":true,"href":"https:\/\/ucnoqta.az\/index.php?rest_route=%2Fwp%2Fv2%2Ftags&post=248773"}],"curies":[{"name":"wp","href":"https:\/\/api.w.org\/{rel}","templated":true}]}}